{"id":2571,"date":"2016-05-28T00:00:00","date_gmt":"2016-05-27T22:00:00","guid":{"rendered":"https:\/\/www.copyr.eu\/igiene-ambientale\/potenziale-di-sviluppo-numerico-di-blattella-germanica\/"},"modified":"2024-11-12T09:31:43","modified_gmt":"2024-11-12T08:31:43","slug":"potenziale-di-sviluppo-numerico-di-blattella-germanica","status":"publish","type":"post","link":"https:\/\/www.copyr.eu\/igiene-ambientale\/blog\/potenziale-di-sviluppo-numerico-di-blattella-germanica\/","title":{"rendered":"Potenziale di sviluppo numerico di Blattella germanica"},"content":{"rendered":"<p class=\"abstract\" style=\"text-align: justify;\"><em>Blattella germanica<\/em> \u00e8 una piccola blatta, lunga 1-1,5 cm, infestante comune e presente in tutto il mondo. Questa diffusione \u00e8 dovuta alle particolari caratteristiche della specie.<\/p>\n<ul>\n<li><strong>Piccole dimensioni<\/strong>, corpo appiattito dorso-ventralmente (depresso) che permettono alla specie di introdursi in fessure ridottissime raggiungendo ambienti diversi, di restare nascosta e protetta,  di accedere facilmente all&#8217;interno di cartoni o pallets, tramite i quali essere trasportata praticamente ovunque.&nbsp;<\/li>\n<li><strong>Regime dietetico onnivoro<\/strong>, la blattella \u00e8 in grado di nutrirsi di una vasta gamma di alimenti, addirittura anche di saponi, dentifrici, colle, carta, cibo per animali e rilegature dei libri, permettendole una sopravvivenza quasi certa.&nbsp;<\/li>\n<li><strong>Elevata agilit\u00e0<\/strong>, grazie alle zampe dotate di strutture adatte ad <strong>aderire<\/strong> anche a superfici molto lisce (quali scaffalature laccate o in metallo) che permettono all&#8217;insetto di arrampicarsi e arrivare a raggiungere cibo conservato anche in parti alte.&nbsp;<\/li>\n<li><strong>Sviluppo postembrionale eterometabolo<\/strong> (caratteristica comune anche alle altre blatte) con gli individui che appena nati presentano le stesse caratteristiche degli adulti, sia dal punto di vista morfologico sia comportamentale. In tutti gli stadi quindi ritroviamo individui dotati di apparato boccale masticatore, che si cibano delle stesse sostanze, che sono sempre attivi e frequentano gli stessi ambienti; \u00e8 infatti comune trovare un elevato numero di individui a stadi diversi presenti nello stesso ambiente. Le blatte presentano spiccati comportamenti di aggregazione e solitamente il numero di individui rinvenuti \u00e8 molto pi\u00f9 alto rispetto a insetti che hanno sviluppo postembrionale di altro tipo e con forme preimmaginali (giovanili) che si nutrono a spese di nutrienti diversi.&nbsp;<\/li>\n<li><strong>Estrema adattabilit\u00e0<\/strong>, infatti pur avendo delle preferenze per ambienti bui e umidi, la specie \u00e8 in grado di adattarsi facilmente a situazioni diverse e quindi a riprodursi.&nbsp;<\/li>\n<li><strong>Potenziale riproduttivo enorme: la blattella nel corso del suo ciclo di vita<\/strong>, che pu\u00f2 durare fino a 7 mesi, produce fino a 8 ooteche, contenenti circa 30 &#8211; 40 uova ciascuna; pertanto ogni femmina pu\u00f2 produrre complessivamente fino a 320 uova. L&#8217;ooteca protegge le uova e spesso viene trattenuta all&#8217;estremit\u00e0 dell&#8217;addome invece di essere deposta. Nell&#8217;ambiente antropico dove la blattella vive, inoltre, non vi sono predatori naturali che possono limitare lo sviluppo, pertanto per ogni individuo femmina che si accoppia possono nascere 300 nuovi individui in grado a loro volta di generare 45.000 neanidi. Il ciclo completo dura circa 2 mesi se le condizioni ambientali sono favorevoli (30 &deg;C e 70 % di umidit\u00e0) e vi \u00e8 abbondanza di cibo; in Italia sono prevedibili in media 2 generazioni all&#8217;anno. Le blattelle si riproducono continuamente con la sovrapposizione delle generazioni; in popolazioni in crescita si riscontra l&#8217;80 % circa di neanidi\/ninfe e il 20 % di adulti.&nbsp;<\/li>\n<\/ul>\n<p> Lo sviluppo della specie, se non controllato specialmente in ambienti ristorativi dove le condizioni sono pi\u00f9 che favorevoli, \u00e8 di tipo esponenziale ed \u00e8 chiaro come in poco tempo il numero di individui possa diventare elevatissimo, anche dell&#8217;ordine di milioni, infestando e colonizzando l&#8217;ambiente stesso.<\/p>\n<p>&nbsp;<\/p>\n","protected":false},"excerpt":{"rendered":"<p><span class=\"rt-reading-time\" style=\"display: block;\"><span class=\"rt-label rt-prefix\">Tempo di lettura: <\/span> <span class=\"rt-time\">2<\/span> <span class=\"rt-label rt-postfix\">minuti<\/span><\/span> <\/p>\n<p class=\"abstract\" style=\"text-align: justify;\">Blattella germanica \u00e8 una piccola blatta, lunga 1-1,5 cm, infestante comune e presente in tutto il mondo. Questa diffusione \u00e8 dovuta alle particolari caratteristiche del<span class=\"abstract\" style=\"font-family: __;\">l<\/span>a specie.<\/p>\n","protected":false},"author":7,"featured_media":3900,"comment_status":"closed","ping_status":"closed","sticky":false,"template":"","format":"standard","meta":{"inline_featured_image":false,"_genesis_hide_title":false,"_genesis_hide_breadcrumbs":false,"_genesis_hide_singular_image":false,"_genesis_hide_footer_widgets":false,"_genesis_custom_body_class":"","_genesis_custom_post_class":"","_genesis_layout":"","footnotes":""},"categories":[2034],"tags":[1368,1498,1966,2080,2082,1960,1494],"target":[2708,2709],"class_list":{"0":"post-2571","1":"post","2":"type-post","3":"status-publish","4":"format-standard","5":"has-post-thumbnail","7":"category-ristoranti","8":"tag-blattella-germanica","9":"tag-blattoidei","10":"tag-ho-re-ca","11":"tag-neanidi","12":"tag-potenziale-di-sviluppo","13":"tag-ristoranti","14":"tag-scarafaggi","15":"target-ho-re-ca","16":"target-pco","17":"entry"},"acf":[],"yoast_head":"<!-- This site is optimized with the Yoast SEO plugin v23.4 - https:\/\/yoast.com\/wordpress\/plugins\/seo\/ -->\n<title>Potenziale di sviluppo numerico di Blattella germanica | Approfondimenti<\/title>\n<meta name=\"robots\" content=\"index, follow, max-snippet:-1, max-image-preview:large, max-video-preview:-1\" \/>\n<link rel=\"canonical\" href=\"https:\/\/www.copyr.eu\/igiene-ambientale\/blog\/potenziale-di-sviluppo-numerico-di-blattella-germanica\/\" \/>\n<meta property=\"og:locale\" content=\"it_IT\" \/>\n<meta property=\"og:type\" content=\"article\" \/>\n<meta property=\"og:title\" content=\"Potenziale di sviluppo numerico di Blattella germanica | Approfondimenti\" \/>\n<meta property=\"og:description\" content=\"Tempo di lettura: 2 minuti Blattella germanica \u00e8 una piccola blatta, lunga 1-1,5 cm, infestante comune e presente in tutto il mondo. Questa diffusione \u00e8 dovuta alle particolari caratteristiche della specie.\" \/>\n<meta property=\"og:url\" content=\"https:\/\/www.copyr.eu\/igiene-ambientale\/blog\/potenziale-di-sviluppo-numerico-di-blattella-germanica\/\" \/>\n<meta property=\"og:site_name\" content=\"Copyr PCO\" \/>\n<meta property=\"article:published_time\" content=\"2016-05-27T22:00:00+00:00\" \/>\n<meta property=\"article:modified_time\" content=\"2024-11-12T08:31:43+00:00\" \/>\n<meta property=\"og:image\" content=\"https:\/\/www.copyr.eu\/igiene-ambientale\/wp-content\/uploads\/2016\/05\/shutterstock_24507883191.jpg\" \/>\n\t<meta property=\"og:image:width\" content=\"1000\" \/>\n\t<meta property=\"og:image:height\" content=\"667\" \/>\n\t<meta property=\"og:image:type\" content=\"image\/jpeg\" \/>\n<meta name=\"author\" content=\"Marketing Copyr\" \/>\n<meta name=\"twitter:card\" content=\"summary_large_image\" \/>\n<meta name=\"twitter:label1\" content=\"Scritto da\" \/>\n\t<meta name=\"twitter:data1\" content=\"Marketing Copyr\" \/>\n\t<meta name=\"twitter:label2\" content=\"Tempo di lettura stimato\" \/>\n\t<meta name=\"twitter:data2\" content=\"3 minuti\" \/>\n<script type=\"application\/ld+json\" class=\"yoast-schema-graph\">{\"@context\":\"https:\/\/schema.org\",\"@graph\":[{\"@type\":\"Article\",\"@id\":\"https:\/\/www.copyr.eu\/igiene-ambientale\/blog\/potenziale-di-sviluppo-numerico-di-blattella-germanica\/#article\",\"isPartOf\":{\"@id\":\"https:\/\/www.copyr.eu\/igiene-ambientale\/blog\/potenziale-di-sviluppo-numerico-di-blattella-germanica\/\"},\"author\":{\"name\":\"Marketing Copyr\",\"@id\":\"https:\/\/www.copyr.eu\/igiene-ambientale\/#\/schema\/person\/55cd530997bfb9a999dcbafdaec489d9\"},\"headline\":\"Potenziale di sviluppo numerico di Blattella germanica\",\"datePublished\":\"2016-05-27T22:00:00+00:00\",\"dateModified\":\"2024-11-12T08:31:43+00:00\",\"mainEntityOfPage\":{\"@id\":\"https:\/\/www.copyr.eu\/igiene-ambientale\/blog\/potenziale-di-sviluppo-numerico-di-blattella-germanica\/\"},\"wordCount\":478,\"publisher\":{\"@id\":\"https:\/\/www.copyr.eu\/igiene-ambientale\/#organization\"},\"image\":{\"@id\":\"https:\/\/www.copyr.eu\/igiene-ambientale\/blog\/potenziale-di-sviluppo-numerico-di-blattella-germanica\/#primaryimage\"},\"thumbnailUrl\":\"https:\/\/www.copyr.eu\/igiene-ambientale\/wp-content\/uploads\/2016\/05\/shutterstock_24507883191.jpg\",\"keywords\":[\"blattella germanica\",\"Blattoidei\",\"ho.re.ca.\",\"neanidi\",\"potenziale di sviluppo\",\"ristoranti\",\"scarafaggi\"],\"articleSection\":[\"Ristoranti\"],\"inLanguage\":\"it-IT\"},{\"@type\":\"WebPage\",\"@id\":\"https:\/\/www.copyr.eu\/igiene-ambientale\/blog\/potenziale-di-sviluppo-numerico-di-blattella-germanica\/\",\"url\":\"https:\/\/www.copyr.eu\/igiene-ambientale\/blog\/potenziale-di-sviluppo-numerico-di-blattella-germanica\/\",\"name\":\"Potenziale di sviluppo numerico di Blattella germanica | Approfondimenti\",\"isPartOf\":{\"@id\":\"https:\/\/www.copyr.eu\/igiene-ambientale\/#website\"},\"primaryImageOfPage\":{\"@id\":\"https:\/\/www.copyr.eu\/igiene-ambientale\/blog\/potenziale-di-sviluppo-numerico-di-blattella-germanica\/#primaryimage\"},\"image\":{\"@id\":\"https:\/\/www.copyr.eu\/igiene-ambientale\/blog\/potenziale-di-sviluppo-numerico-di-blattella-germanica\/#primaryimage\"},\"thumbnailUrl\":\"https:\/\/www.copyr.eu\/igiene-ambientale\/wp-content\/uploads\/2016\/05\/shutterstock_24507883191.jpg\",\"datePublished\":\"2016-05-27T22:00:00+00:00\",\"dateModified\":\"2024-11-12T08:31:43+00:00\",\"breadcrumb\":{\"@id\":\"https:\/\/www.copyr.eu\/igiene-ambientale\/blog\/potenziale-di-sviluppo-numerico-di-blattella-germanica\/#breadcrumb\"},\"inLanguage\":\"it-IT\",\"potentialAction\":[{\"@type\":\"ReadAction\",\"target\":[\"https:\/\/www.copyr.eu\/igiene-ambientale\/blog\/potenziale-di-sviluppo-numerico-di-blattella-germanica\/\"]}]},{\"@type\":\"ImageObject\",\"inLanguage\":\"it-IT\",\"@id\":\"https:\/\/www.copyr.eu\/igiene-ambientale\/blog\/potenziale-di-sviluppo-numerico-di-blattella-germanica\/#primaryimage\",\"url\":\"https:\/\/www.copyr.eu\/igiene-ambientale\/wp-content\/uploads\/2016\/05\/shutterstock_24507883191.jpg\",\"contentUrl\":\"https:\/\/www.copyr.eu\/igiene-ambientale\/wp-content\/uploads\/2016\/05\/shutterstock_24507883191.jpg\",\"width\":1000,\"height\":667,\"caption\":\"Blattella germanica\"},{\"@type\":\"BreadcrumbList\",\"@id\":\"https:\/\/www.copyr.eu\/igiene-ambientale\/blog\/potenziale-di-sviluppo-numerico-di-blattella-germanica\/#breadcrumb\",\"itemListElement\":[{\"@type\":\"ListItem\",\"position\":1,\"name\":\"Home\",\"item\":\"https:\/\/www.copyr.eu\/igiene-ambientale\/\"},{\"@type\":\"ListItem\",\"position\":2,\"name\":\"Ristoranti\",\"item\":\"https:\/\/www.copyr.eu\/igiene-ambientale\/blog\/category\/ristoranti\/\"},{\"@type\":\"ListItem\",\"position\":3,\"name\":\"Potenziale di sviluppo numerico di Blattella germanica\"}]},{\"@type\":\"WebSite\",\"@id\":\"https:\/\/www.copyr.eu\/igiene-ambientale\/#website\",\"url\":\"https:\/\/www.copyr.eu\/igiene-ambientale\/\",\"name\":\"Copyr PCO\",\"description\":\"Portale dedicato alla disinfestazione\",\"publisher\":{\"@id\":\"https:\/\/www.copyr.eu\/igiene-ambientale\/#organization\"},\"potentialAction\":[{\"@type\":\"SearchAction\",\"target\":{\"@type\":\"EntryPoint\",\"urlTemplate\":\"https:\/\/www.copyr.eu\/igiene-ambientale\/?s={search_term_string}\"},\"query-input\":{\"@type\":\"PropertyValueSpecification\",\"valueRequired\":true,\"valueName\":\"search_term_string\"}}],\"inLanguage\":\"it-IT\"},{\"@type\":\"Organization\",\"@id\":\"https:\/\/www.copyr.eu\/igiene-ambientale\/#organization\",\"name\":\"Copyr PCO\",\"url\":\"https:\/\/www.copyr.eu\/igiene-ambientale\/\",\"logo\":{\"@type\":\"ImageObject\",\"inLanguage\":\"it-IT\",\"@id\":\"https:\/\/www.copyr.eu\/igiene-ambientale\/#\/schema\/logo\/image\/\",\"url\":\"https:\/\/www.copyr.eu\/igiene-ambientale\/wp-content\/uploads\/2024\/04\/logo-copyr-igiene-ambientale-definitivo-e1714141259143.png\",\"contentUrl\":\"https:\/\/www.copyr.eu\/igiene-ambientale\/wp-content\/uploads\/2024\/04\/logo-copyr-igiene-ambientale-definitivo-e1714141259143.png\",\"width\":1051,\"height\":277,\"caption\":\"Copyr PCO\"},\"image\":{\"@id\":\"https:\/\/www.copyr.eu\/igiene-ambientale\/#\/schema\/logo\/image\/\"}},{\"@type\":\"Person\",\"@id\":\"https:\/\/www.copyr.eu\/igiene-ambientale\/#\/schema\/person\/55cd530997bfb9a999dcbafdaec489d9\",\"name\":\"Marketing Copyr\",\"url\":\"https:\/\/www.copyr.eu\/igiene-ambientale\/blog\/author\/marketing-copyr\/\"}]}<\/script>\n<!-- \/ Yoast SEO plugin. -->","yoast_head_json":{"title":"Potenziale di sviluppo numerico di Blattella germanica | Approfondimenti","robots":{"index":"index","follow":"follow","max-snippet":"max-snippet:-1","max-image-preview":"max-image-preview:large","max-video-preview":"max-video-preview:-1"},"canonical":"https:\/\/www.copyr.eu\/igiene-ambientale\/blog\/potenziale-di-sviluppo-numerico-di-blattella-germanica\/","og_locale":"it_IT","og_type":"article","og_title":"Potenziale di sviluppo numerico di Blattella germanica | Approfondimenti","og_description":"Tempo di lettura: 2 minuti Blattella germanica \u00e8 una piccola blatta, lunga 1-1,5 cm, infestante comune e presente in tutto il mondo. Questa diffusione \u00e8 dovuta alle particolari caratteristiche della specie.","og_url":"https:\/\/www.copyr.eu\/igiene-ambientale\/blog\/potenziale-di-sviluppo-numerico-di-blattella-germanica\/","og_site_name":"Copyr PCO","article_published_time":"2016-05-27T22:00:00+00:00","article_modified_time":"2024-11-12T08:31:43+00:00","og_image":[{"width":1000,"height":667,"url":"https:\/\/www.copyr.eu\/igiene-ambientale\/wp-content\/uploads\/2016\/05\/shutterstock_24507883191.jpg","type":"image\/jpeg"}],"author":"Marketing Copyr","twitter_card":"summary_large_image","twitter_misc":{"Scritto da":"Marketing Copyr","Tempo di lettura stimato":"3 minuti"},"schema":{"@context":"https:\/\/schema.org","@graph":[{"@type":"Article","@id":"https:\/\/www.copyr.eu\/igiene-ambientale\/blog\/potenziale-di-sviluppo-numerico-di-blattella-germanica\/#article","isPartOf":{"@id":"https:\/\/www.copyr.eu\/igiene-ambientale\/blog\/potenziale-di-sviluppo-numerico-di-blattella-germanica\/"},"author":{"name":"Marketing Copyr","@id":"https:\/\/www.copyr.eu\/igiene-ambientale\/#\/schema\/person\/55cd530997bfb9a999dcbafdaec489d9"},"headline":"Potenziale di sviluppo numerico di Blattella germanica","datePublished":"2016-05-27T22:00:00+00:00","dateModified":"2024-11-12T08:31:43+00:00","mainEntityOfPage":{"@id":"https:\/\/www.copyr.eu\/igiene-ambientale\/blog\/potenziale-di-sviluppo-numerico-di-blattella-germanica\/"},"wordCount":478,"publisher":{"@id":"https:\/\/www.copyr.eu\/igiene-ambientale\/#organization"},"image":{"@id":"https:\/\/www.copyr.eu\/igiene-ambientale\/blog\/potenziale-di-sviluppo-numerico-di-blattella-germanica\/#primaryimage"},"thumbnailUrl":"https:\/\/www.copyr.eu\/igiene-ambientale\/wp-content\/uploads\/2016\/05\/shutterstock_24507883191.jpg","keywords":["blattella germanica","Blattoidei","ho.re.ca.","neanidi","potenziale di sviluppo","ristoranti","scarafaggi"],"articleSection":["Ristoranti"],"inLanguage":"it-IT"},{"@type":"WebPage","@id":"https:\/\/www.copyr.eu\/igiene-ambientale\/blog\/potenziale-di-sviluppo-numerico-di-blattella-germanica\/","url":"https:\/\/www.copyr.eu\/igiene-ambientale\/blog\/potenziale-di-sviluppo-numerico-di-blattella-germanica\/","name":"Potenziale di sviluppo numerico di Blattella germanica | Approfondimenti","isPartOf":{"@id":"https:\/\/www.copyr.eu\/igiene-ambientale\/#website"},"primaryImageOfPage":{"@id":"https:\/\/www.copyr.eu\/igiene-ambientale\/blog\/potenziale-di-sviluppo-numerico-di-blattella-germanica\/#primaryimage"},"image":{"@id":"https:\/\/www.copyr.eu\/igiene-ambientale\/blog\/potenziale-di-sviluppo-numerico-di-blattella-germanica\/#primaryimage"},"thumbnailUrl":"https:\/\/www.copyr.eu\/igiene-ambientale\/wp-content\/uploads\/2016\/05\/shutterstock_24507883191.jpg","datePublished":"2016-05-27T22:00:00+00:00","dateModified":"2024-11-12T08:31:43+00:00","breadcrumb":{"@id":"https:\/\/www.copyr.eu\/igiene-ambientale\/blog\/potenziale-di-sviluppo-numerico-di-blattella-germanica\/#breadcrumb"},"inLanguage":"it-IT","potentialAction":[{"@type":"ReadAction","target":["https:\/\/www.copyr.eu\/igiene-ambientale\/blog\/potenziale-di-sviluppo-numerico-di-blattella-germanica\/"]}]},{"@type":"ImageObject","inLanguage":"it-IT","@id":"https:\/\/www.copyr.eu\/igiene-ambientale\/blog\/potenziale-di-sviluppo-numerico-di-blattella-germanica\/#primaryimage","url":"https:\/\/www.copyr.eu\/igiene-ambientale\/wp-content\/uploads\/2016\/05\/shutterstock_24507883191.jpg","contentUrl":"https:\/\/www.copyr.eu\/igiene-ambientale\/wp-content\/uploads\/2016\/05\/shutterstock_24507883191.jpg","width":1000,"height":667,"caption":"Blattella germanica"},{"@type":"BreadcrumbList","@id":"https:\/\/www.copyr.eu\/igiene-ambientale\/blog\/potenziale-di-sviluppo-numerico-di-blattella-germanica\/#breadcrumb","itemListElement":[{"@type":"ListItem","position":1,"name":"Home","item":"https:\/\/www.copyr.eu\/igiene-ambientale\/"},{"@type":"ListItem","position":2,"name":"Ristoranti","item":"https:\/\/www.copyr.eu\/igiene-ambientale\/blog\/category\/ristoranti\/"},{"@type":"ListItem","position":3,"name":"Potenziale di sviluppo numerico di Blattella germanica"}]},{"@type":"WebSite","@id":"https:\/\/www.copyr.eu\/igiene-ambientale\/#website","url":"https:\/\/www.copyr.eu\/igiene-ambientale\/","name":"Copyr PCO","description":"Portale dedicato alla disinfestazione","publisher":{"@id":"https:\/\/www.copyr.eu\/igiene-ambientale\/#organization"},"potentialAction":[{"@type":"SearchAction","target":{"@type":"EntryPoint","urlTemplate":"https:\/\/www.copyr.eu\/igiene-ambientale\/?s={search_term_string}"},"query-input":{"@type":"PropertyValueSpecification","valueRequired":true,"valueName":"search_term_string"}}],"inLanguage":"it-IT"},{"@type":"Organization","@id":"https:\/\/www.copyr.eu\/igiene-ambientale\/#organization","name":"Copyr PCO","url":"https:\/\/www.copyr.eu\/igiene-ambientale\/","logo":{"@type":"ImageObject","inLanguage":"it-IT","@id":"https:\/\/www.copyr.eu\/igiene-ambientale\/#\/schema\/logo\/image\/","url":"https:\/\/www.copyr.eu\/igiene-ambientale\/wp-content\/uploads\/2024\/04\/logo-copyr-igiene-ambientale-definitivo-e1714141259143.png","contentUrl":"https:\/\/www.copyr.eu\/igiene-ambientale\/wp-content\/uploads\/2024\/04\/logo-copyr-igiene-ambientale-definitivo-e1714141259143.png","width":1051,"height":277,"caption":"Copyr PCO"},"image":{"@id":"https:\/\/www.copyr.eu\/igiene-ambientale\/#\/schema\/logo\/image\/"}},{"@type":"Person","@id":"https:\/\/www.copyr.eu\/igiene-ambientale\/#\/schema\/person\/55cd530997bfb9a999dcbafdaec489d9","name":"Marketing Copyr","url":"https:\/\/www.copyr.eu\/igiene-ambientale\/blog\/author\/marketing-copyr\/"}]}},"_links":{"self":[{"href":"https:\/\/www.copyr.eu\/igiene-ambientale\/wp-json\/wp\/v2\/posts\/2571","targetHints":{"allow":["GET"]}}],"collection":[{"href":"https:\/\/www.copyr.eu\/igiene-ambientale\/wp-json\/wp\/v2\/posts"}],"about":[{"href":"https:\/\/www.copyr.eu\/igiene-ambientale\/wp-json\/wp\/v2\/types\/post"}],"author":[{"embeddable":true,"href":"https:\/\/www.copyr.eu\/igiene-ambientale\/wp-json\/wp\/v2\/users\/7"}],"replies":[{"embeddable":true,"href":"https:\/\/www.copyr.eu\/igiene-ambientale\/wp-json\/wp\/v2\/comments?post=2571"}],"version-history":[{"count":1,"href":"https:\/\/www.copyr.eu\/igiene-ambientale\/wp-json\/wp\/v2\/posts\/2571\/revisions"}],"predecessor-version":[{"id":2867,"href":"https:\/\/www.copyr.eu\/igiene-ambientale\/wp-json\/wp\/v2\/posts\/2571\/revisions\/2867"}],"wp:featuredmedia":[{"embeddable":true,"href":"https:\/\/www.copyr.eu\/igiene-ambientale\/wp-json\/wp\/v2\/media\/3900"}],"wp:attachment":[{"href":"https:\/\/www.copyr.eu\/igiene-ambientale\/wp-json\/wp\/v2\/media?parent=2571"}],"wp:term":[{"taxonomy":"category","embeddable":true,"href":"https:\/\/www.copyr.eu\/igiene-ambientale\/wp-json\/wp\/v2\/categories?post=2571"},{"taxonomy":"post_tag","embeddable":true,"href":"https:\/\/www.copyr.eu\/igiene-ambientale\/wp-json\/wp\/v2\/tags?post=2571"},{"taxonomy":"target","embeddable":true,"href":"https:\/\/www.copyr.eu\/igiene-ambientale\/wp-json\/wp\/v2\/target?post=2571"}],"curies":[{"name":"wp","href":"https:\/\/api.w.org\/{rel}","templated":true}]}}