{"id":2466,"date":"2017-07-07T00:00:00","date_gmt":"2017-07-06T22:00:00","guid":{"rendered":"https:\/\/www.copyr.eu\/igiene-ambientale\/gli-insetti-detriticoli-che-infestano-le-derrate\/"},"modified":"2024-05-09T16:28:25","modified_gmt":"2024-05-09T14:28:25","slug":"gli-insetti-detriticoli-che-infestano-le-derrate","status":"publish","type":"post","link":"https:\/\/www.copyr.eu\/igiene-ambientale\/blog\/gli-insetti-detriticoli-che-infestano-le-derrate\/","title":{"rendered":"Gli insetti detriticoli che infestano le derrate"},"content":{"rendered":"<p class=\"abstract\">Le derrate conservate attirano una serie di organismi che se ne cibano provocando danni di diversa entit\u00e0 in dipendenza da differenti parametri tra i quali anche quelli ambientali.<\/p>\n<p class=\"abstract\">I cereali, ad esempio, durante la fase di stoccaggio spesso vengono attaccati da insetti definiti infestanti primari perch&eacute; si nutrono a spese delle cariossidi ancora intere.<\/p>\n<p class=\"abstract\">In un secondo momento e a seguito di questi attacchi si insediano degli insetti definiti infestanti secondari poich&eacute; si nutrono sfruttando i detriti prodotti e per questo vengono chiamati anche insetti detriticoli.<\/p>\n<p class=\"abstract\">Le due specie maggiormente rappresentate come insetti detriti coli nel caso dei cereali sono Oryzaephilus surinamensis e <em>Cryptolestes ferrugineus.<\/em><\/p>\n<p class=\"abstract\">Al genere <em>Oryzaephilus<\/em>, in verit\u00e0, appartengono due specie che possono colonizzare le derrate immagazzinate: oltre a O. <em>surinamensis<\/em> \u00e8 possibile rinvenire anche O. <em>mercator<\/em>. Appartenenti alla famiglia dei Coleotteri Silvanidi, queste due specie si ambientano molto bene in tutti i locali laddove ci sono delle polveri derivate dai cereali stessi o da prodotti da essi ottenuti come nei mulini, pastifici, pasticcerie, ecc.<\/p>\n<p class=\"abstract\">Un comportamento simile lo si rileva anche per il genere <em>Cryptolestes<\/em>. Appartenente alla famiglia dei Coleotteri Cucujidi, anche in questo caso si possono insediare diverse specie, anche se la pi\u00f9 comune \u00e8 C. <em>ferrugineus<\/em>. Questo genere \u00e8 un tipico infestante dei ristagni di farine nei macchinari dei molini. Gli <em>Oryzaephilus<\/em> li possiamo talora trovare anche tra le cariossidi integre, ad esempio nel riso in commercio, se confezionato senza l&#8217;accorgimento del sottovuoto.<\/p>\n<p class=\"abstract\">Essendo specie detriticole e di dimensioni molto piccole (<em>Oryzaephilus<\/em>&nbsp;ha un corpo allungato che misura 3 mm circa, <em>Cryptolestes<\/em> invece \u00e8 pi\u00f9 piccolo, misura circa la met\u00e0), si insediano nei locali e danno vita a infestazioni subdole poco evidenti se non quando oramai le popolazioni sono costituite da centinaia o migliaia di individui. Al fine di tenere sotto controllo queste infestazioni \u00e8 di primaria importanza una pulizia approfondita di tutti gli ambienti dove si deve evitare il pi\u00f9 possibile lo stratificarsi di polvere, l&#8217;abbandono di detriti derivanti dalle lavorazioni, di campioni di derrate che possono essere infestate da infestanti primari e poi colonizzati in un secondo momento dai detriticoli, ecc.&nbsp;<\/p>\n<p class=\"abstract\">Gli elevati standard di qualit\u00e0 richiesti dall&#8217;industria alimentare richiedono un&#8217;accurata gestione degli infestanti passando attraverso le fasi di prevenzione e monitoraggio per poi proseguire, solo se necessario e una volta superati i valori soglia, a effettuare trattamenti insetticidi autorizzati nell&#8217;industria alimentare con principi attivi a bassa tossicit\u00e0, come le piretrine, insetticida ricavato dall&#8217;estratto dei capolini del crisantemo <em>Chrysanthemum cinerariifolium<\/em>.<\/p>\n","protected":false},"excerpt":{"rendered":"<p><span class=\"rt-reading-time\" style=\"display: block;\"><span class=\"rt-label rt-prefix\">Tempo di lettura: <\/span> <span class=\"rt-time\">2<\/span> <span class=\"rt-label rt-postfix\">minuti<\/span><\/span> <\/p>\n<p class=\"abstract\">Le derrate conservate attirano una serie di organismi che se ne cibano provocando danni di diversa entit\u00e0 in dipendenza da differenti parametri tra i quali anche quelli ambientali. I cereali, ad esempio, durante la fase di stoccaggio spesso vengono attaccati da insetti definiti infestanti primari perch&eacute; si nutrono a spese delle cariossidi ancora intere.<\/p>\n","protected":false},"author":7,"featured_media":2467,"comment_status":"closed","ping_status":"closed","sticky":false,"template":"","format":"standard","meta":{"inline_featured_image":false,"_genesis_hide_title":false,"_genesis_hide_breadcrumbs":false,"_genesis_hide_singular_image":false,"_genesis_hide_footer_widgets":false,"_genesis_custom_body_class":"","_genesis_custom_post_class":"","_genesis_layout":"","footnotes":""},"categories":[724],"tags":[1386,1546,1542,1538,708,1544,1540,1550,1548],"target":[2708,2709],"class_list":{"0":"post-2466","1":"post","2":"type-post","3":"status-publish","4":"format-standard","5":"has-post-thumbnail","7":"category-supermercati","8":"tag-cereali","9":"tag-coleotteri-silvanidi","10":"tag-cryptolestes-ferrugineus","11":"tag-derrate","12":"tag-industrie-alimentari","13":"tag-insetti-detricoli","14":"tag-oryzaephilus-surinamensis","15":"tag-prevenzione-e-monitoraggio","16":"tag-pulizia-e-igiene","17":"target-ho-re-ca","18":"target-pco","19":"entry"},"acf":[],"yoast_head":"<!-- This site is optimized with the Yoast SEO plugin v23.4 - https:\/\/yoast.com\/wordpress\/plugins\/seo\/ -->\n<title>Gli insetti detriticoli che infestano le derrate | Approfondimenti<\/title>\n<meta name=\"robots\" content=\"index, follow, max-snippet:-1, max-image-preview:large, max-video-preview:-1\" \/>\n<link rel=\"canonical\" href=\"https:\/\/www.copyr.eu\/igiene-ambientale\/blog\/gli-insetti-detriticoli-che-infestano-le-derrate\/\" \/>\n<meta property=\"og:locale\" content=\"it_IT\" \/>\n<meta property=\"og:type\" content=\"article\" \/>\n<meta property=\"og:title\" content=\"Gli insetti detriticoli che infestano le derrate | Approfondimenti\" \/>\n<meta property=\"og:description\" content=\"Tempo di lettura: 2 minuti Le derrate conservate attirano una serie di organismi che se ne cibano provocando danni di diversa entit\u00e0 in dipendenza da differenti parametri tra i quali anche quelli ambientali. I cereali, ad esempio, durante la fase di stoccaggio spesso vengono attaccati da insetti definiti infestanti primari perch&eacute; si nutrono a spese delle cariossidi ancora intere.\" \/>\n<meta property=\"og:url\" content=\"https:\/\/www.copyr.eu\/igiene-ambientale\/blog\/gli-insetti-detriticoli-che-infestano-le-derrate\/\" \/>\n<meta property=\"og:site_name\" content=\"Copyr PCO\" \/>\n<meta property=\"article:published_time\" content=\"2017-07-06T22:00:00+00:00\" \/>\n<meta property=\"article:modified_time\" content=\"2024-05-09T14:28:25+00:00\" \/>\n<meta property=\"og:image\" content=\"https:\/\/www.copyr.eu\/igiene-ambientale\/wp-content\/uploads\/2024\/02\/18_150356963513166_150357060486348.preview.jpg\" \/>\n\t<meta property=\"og:image:width\" content=\"600\" \/>\n\t<meta property=\"og:image:height\" content=\"399\" \/>\n\t<meta property=\"og:image:type\" content=\"image\/jpeg\" \/>\n<meta name=\"author\" content=\"Marketing Copyr\" \/>\n<meta name=\"twitter:card\" content=\"summary_large_image\" \/>\n<meta name=\"twitter:label1\" content=\"Scritto da\" \/>\n\t<meta name=\"twitter:data1\" content=\"Marketing Copyr\" \/>\n\t<meta name=\"twitter:label2\" content=\"Tempo di lettura stimato\" \/>\n\t<meta name=\"twitter:data2\" content=\"2 minuti\" \/>\n<script type=\"application\/ld+json\" class=\"yoast-schema-graph\">{\"@context\":\"https:\/\/schema.org\",\"@graph\":[{\"@type\":\"Article\",\"@id\":\"https:\/\/www.copyr.eu\/igiene-ambientale\/blog\/gli-insetti-detriticoli-che-infestano-le-derrate\/#article\",\"isPartOf\":{\"@id\":\"https:\/\/www.copyr.eu\/igiene-ambientale\/blog\/gli-insetti-detriticoli-che-infestano-le-derrate\/\"},\"author\":{\"name\":\"Marketing Copyr\",\"@id\":\"https:\/\/www.copyr.eu\/igiene-ambientale\/#\/schema\/person\/55cd530997bfb9a999dcbafdaec489d9\"},\"headline\":\"Gli insetti detriticoli che infestano le derrate\",\"datePublished\":\"2017-07-06T22:00:00+00:00\",\"dateModified\":\"2024-05-09T14:28:25+00:00\",\"mainEntityOfPage\":{\"@id\":\"https:\/\/www.copyr.eu\/igiene-ambientale\/blog\/gli-insetti-detriticoli-che-infestano-le-derrate\/\"},\"wordCount\":418,\"publisher\":{\"@id\":\"https:\/\/www.copyr.eu\/igiene-ambientale\/#organization\"},\"image\":{\"@id\":\"https:\/\/www.copyr.eu\/igiene-ambientale\/blog\/gli-insetti-detriticoli-che-infestano-le-derrate\/#primaryimage\"},\"thumbnailUrl\":\"https:\/\/www.copyr.eu\/igiene-ambientale\/wp-content\/uploads\/2024\/02\/18_150356963513166_150357060486348.preview.jpg\",\"keywords\":[\"cereali\",\"Coleotteri Silvanidi\",\"Cryptolestes ferrugineus\",\"derrate\",\"industrie alimentari\",\"insetti detricoli\",\"Oryzaephilus surinamensis\",\"prevenzione e monitoraggio\",\"pulizia e igiene\"],\"articleSection\":[\"Supermercati\"],\"inLanguage\":\"it-IT\"},{\"@type\":\"WebPage\",\"@id\":\"https:\/\/www.copyr.eu\/igiene-ambientale\/blog\/gli-insetti-detriticoli-che-infestano-le-derrate\/\",\"url\":\"https:\/\/www.copyr.eu\/igiene-ambientale\/blog\/gli-insetti-detriticoli-che-infestano-le-derrate\/\",\"name\":\"Gli insetti detriticoli che infestano le derrate | Approfondimenti\",\"isPartOf\":{\"@id\":\"https:\/\/www.copyr.eu\/igiene-ambientale\/#website\"},\"primaryImageOfPage\":{\"@id\":\"https:\/\/www.copyr.eu\/igiene-ambientale\/blog\/gli-insetti-detriticoli-che-infestano-le-derrate\/#primaryimage\"},\"image\":{\"@id\":\"https:\/\/www.copyr.eu\/igiene-ambientale\/blog\/gli-insetti-detriticoli-che-infestano-le-derrate\/#primaryimage\"},\"thumbnailUrl\":\"https:\/\/www.copyr.eu\/igiene-ambientale\/wp-content\/uploads\/2024\/02\/18_150356963513166_150357060486348.preview.jpg\",\"datePublished\":\"2017-07-06T22:00:00+00:00\",\"dateModified\":\"2024-05-09T14:28:25+00:00\",\"breadcrumb\":{\"@id\":\"https:\/\/www.copyr.eu\/igiene-ambientale\/blog\/gli-insetti-detriticoli-che-infestano-le-derrate\/#breadcrumb\"},\"inLanguage\":\"it-IT\",\"potentialAction\":[{\"@type\":\"ReadAction\",\"target\":[\"https:\/\/www.copyr.eu\/igiene-ambientale\/blog\/gli-insetti-detriticoli-che-infestano-le-derrate\/\"]}]},{\"@type\":\"ImageObject\",\"inLanguage\":\"it-IT\",\"@id\":\"https:\/\/www.copyr.eu\/igiene-ambientale\/blog\/gli-insetti-detriticoli-che-infestano-le-derrate\/#primaryimage\",\"url\":\"https:\/\/www.copyr.eu\/igiene-ambientale\/wp-content\/uploads\/2024\/02\/18_150356963513166_150357060486348.preview.jpg\",\"contentUrl\":\"https:\/\/www.copyr.eu\/igiene-ambientale\/wp-content\/uploads\/2024\/02\/18_150356963513166_150357060486348.preview.jpg\",\"width\":600,\"height\":399},{\"@type\":\"BreadcrumbList\",\"@id\":\"https:\/\/www.copyr.eu\/igiene-ambientale\/blog\/gli-insetti-detriticoli-che-infestano-le-derrate\/#breadcrumb\",\"itemListElement\":[{\"@type\":\"ListItem\",\"position\":1,\"name\":\"Home\",\"item\":\"https:\/\/www.copyr.eu\/igiene-ambientale\/\"},{\"@type\":\"ListItem\",\"position\":2,\"name\":\"Supermercati\",\"item\":\"https:\/\/www.copyr.eu\/igiene-ambientale\/blog\/category\/supermercati\/\"},{\"@type\":\"ListItem\",\"position\":3,\"name\":\"Gli insetti detriticoli che infestano le derrate\"}]},{\"@type\":\"WebSite\",\"@id\":\"https:\/\/www.copyr.eu\/igiene-ambientale\/#website\",\"url\":\"https:\/\/www.copyr.eu\/igiene-ambientale\/\",\"name\":\"Copyr PCO\",\"description\":\"Portale dedicato alla disinfestazione\",\"publisher\":{\"@id\":\"https:\/\/www.copyr.eu\/igiene-ambientale\/#organization\"},\"potentialAction\":[{\"@type\":\"SearchAction\",\"target\":{\"@type\":\"EntryPoint\",\"urlTemplate\":\"https:\/\/www.copyr.eu\/igiene-ambientale\/?s={search_term_string}\"},\"query-input\":{\"@type\":\"PropertyValueSpecification\",\"valueRequired\":true,\"valueName\":\"search_term_string\"}}],\"inLanguage\":\"it-IT\"},{\"@type\":\"Organization\",\"@id\":\"https:\/\/www.copyr.eu\/igiene-ambientale\/#organization\",\"name\":\"Copyr PCO\",\"url\":\"https:\/\/www.copyr.eu\/igiene-ambientale\/\",\"logo\":{\"@type\":\"ImageObject\",\"inLanguage\":\"it-IT\",\"@id\":\"https:\/\/www.copyr.eu\/igiene-ambientale\/#\/schema\/logo\/image\/\",\"url\":\"https:\/\/www.copyr.eu\/igiene-ambientale\/wp-content\/uploads\/2024\/04\/logo-copyr-igiene-ambientale-definitivo-e1714141259143.png\",\"contentUrl\":\"https:\/\/www.copyr.eu\/igiene-ambientale\/wp-content\/uploads\/2024\/04\/logo-copyr-igiene-ambientale-definitivo-e1714141259143.png\",\"width\":1051,\"height\":277,\"caption\":\"Copyr PCO\"},\"image\":{\"@id\":\"https:\/\/www.copyr.eu\/igiene-ambientale\/#\/schema\/logo\/image\/\"}},{\"@type\":\"Person\",\"@id\":\"https:\/\/www.copyr.eu\/igiene-ambientale\/#\/schema\/person\/55cd530997bfb9a999dcbafdaec489d9\",\"name\":\"Marketing Copyr\",\"url\":\"https:\/\/www.copyr.eu\/igiene-ambientale\/blog\/author\/marketing-copyr\/\"}]}<\/script>\n<!-- \/ Yoast SEO plugin. -->","yoast_head_json":{"title":"Gli insetti detriticoli che infestano le derrate | Approfondimenti","robots":{"index":"index","follow":"follow","max-snippet":"max-snippet:-1","max-image-preview":"max-image-preview:large","max-video-preview":"max-video-preview:-1"},"canonical":"https:\/\/www.copyr.eu\/igiene-ambientale\/blog\/gli-insetti-detriticoli-che-infestano-le-derrate\/","og_locale":"it_IT","og_type":"article","og_title":"Gli insetti detriticoli che infestano le derrate | Approfondimenti","og_description":"Tempo di lettura: 2 minuti Le derrate conservate attirano una serie di organismi che se ne cibano provocando danni di diversa entit\u00e0 in dipendenza da differenti parametri tra i quali anche quelli ambientali. I cereali, ad esempio, durante la fase di stoccaggio spesso vengono attaccati da insetti definiti infestanti primari perch&eacute; si nutrono a spese delle cariossidi ancora intere.","og_url":"https:\/\/www.copyr.eu\/igiene-ambientale\/blog\/gli-insetti-detriticoli-che-infestano-le-derrate\/","og_site_name":"Copyr PCO","article_published_time":"2017-07-06T22:00:00+00:00","article_modified_time":"2024-05-09T14:28:25+00:00","og_image":[{"width":600,"height":399,"url":"https:\/\/www.copyr.eu\/igiene-ambientale\/wp-content\/uploads\/2024\/02\/18_150356963513166_150357060486348.preview.jpg","type":"image\/jpeg"}],"author":"Marketing Copyr","twitter_card":"summary_large_image","twitter_misc":{"Scritto da":"Marketing Copyr","Tempo di lettura stimato":"2 minuti"},"schema":{"@context":"https:\/\/schema.org","@graph":[{"@type":"Article","@id":"https:\/\/www.copyr.eu\/igiene-ambientale\/blog\/gli-insetti-detriticoli-che-infestano-le-derrate\/#article","isPartOf":{"@id":"https:\/\/www.copyr.eu\/igiene-ambientale\/blog\/gli-insetti-detriticoli-che-infestano-le-derrate\/"},"author":{"name":"Marketing Copyr","@id":"https:\/\/www.copyr.eu\/igiene-ambientale\/#\/schema\/person\/55cd530997bfb9a999dcbafdaec489d9"},"headline":"Gli insetti detriticoli che infestano le derrate","datePublished":"2017-07-06T22:00:00+00:00","dateModified":"2024-05-09T14:28:25+00:00","mainEntityOfPage":{"@id":"https:\/\/www.copyr.eu\/igiene-ambientale\/blog\/gli-insetti-detriticoli-che-infestano-le-derrate\/"},"wordCount":418,"publisher":{"@id":"https:\/\/www.copyr.eu\/igiene-ambientale\/#organization"},"image":{"@id":"https:\/\/www.copyr.eu\/igiene-ambientale\/blog\/gli-insetti-detriticoli-che-infestano-le-derrate\/#primaryimage"},"thumbnailUrl":"https:\/\/www.copyr.eu\/igiene-ambientale\/wp-content\/uploads\/2024\/02\/18_150356963513166_150357060486348.preview.jpg","keywords":["cereali","Coleotteri Silvanidi","Cryptolestes ferrugineus","derrate","industrie alimentari","insetti detricoli","Oryzaephilus surinamensis","prevenzione e monitoraggio","pulizia e igiene"],"articleSection":["Supermercati"],"inLanguage":"it-IT"},{"@type":"WebPage","@id":"https:\/\/www.copyr.eu\/igiene-ambientale\/blog\/gli-insetti-detriticoli-che-infestano-le-derrate\/","url":"https:\/\/www.copyr.eu\/igiene-ambientale\/blog\/gli-insetti-detriticoli-che-infestano-le-derrate\/","name":"Gli insetti detriticoli che infestano le derrate | Approfondimenti","isPartOf":{"@id":"https:\/\/www.copyr.eu\/igiene-ambientale\/#website"},"primaryImageOfPage":{"@id":"https:\/\/www.copyr.eu\/igiene-ambientale\/blog\/gli-insetti-detriticoli-che-infestano-le-derrate\/#primaryimage"},"image":{"@id":"https:\/\/www.copyr.eu\/igiene-ambientale\/blog\/gli-insetti-detriticoli-che-infestano-le-derrate\/#primaryimage"},"thumbnailUrl":"https:\/\/www.copyr.eu\/igiene-ambientale\/wp-content\/uploads\/2024\/02\/18_150356963513166_150357060486348.preview.jpg","datePublished":"2017-07-06T22:00:00+00:00","dateModified":"2024-05-09T14:28:25+00:00","breadcrumb":{"@id":"https:\/\/www.copyr.eu\/igiene-ambientale\/blog\/gli-insetti-detriticoli-che-infestano-le-derrate\/#breadcrumb"},"inLanguage":"it-IT","potentialAction":[{"@type":"ReadAction","target":["https:\/\/www.copyr.eu\/igiene-ambientale\/blog\/gli-insetti-detriticoli-che-infestano-le-derrate\/"]}]},{"@type":"ImageObject","inLanguage":"it-IT","@id":"https:\/\/www.copyr.eu\/igiene-ambientale\/blog\/gli-insetti-detriticoli-che-infestano-le-derrate\/#primaryimage","url":"https:\/\/www.copyr.eu\/igiene-ambientale\/wp-content\/uploads\/2024\/02\/18_150356963513166_150357060486348.preview.jpg","contentUrl":"https:\/\/www.copyr.eu\/igiene-ambientale\/wp-content\/uploads\/2024\/02\/18_150356963513166_150357060486348.preview.jpg","width":600,"height":399},{"@type":"BreadcrumbList","@id":"https:\/\/www.copyr.eu\/igiene-ambientale\/blog\/gli-insetti-detriticoli-che-infestano-le-derrate\/#breadcrumb","itemListElement":[{"@type":"ListItem","position":1,"name":"Home","item":"https:\/\/www.copyr.eu\/igiene-ambientale\/"},{"@type":"ListItem","position":2,"name":"Supermercati","item":"https:\/\/www.copyr.eu\/igiene-ambientale\/blog\/category\/supermercati\/"},{"@type":"ListItem","position":3,"name":"Gli insetti detriticoli che infestano le derrate"}]},{"@type":"WebSite","@id":"https:\/\/www.copyr.eu\/igiene-ambientale\/#website","url":"https:\/\/www.copyr.eu\/igiene-ambientale\/","name":"Copyr PCO","description":"Portale dedicato alla disinfestazione","publisher":{"@id":"https:\/\/www.copyr.eu\/igiene-ambientale\/#organization"},"potentialAction":[{"@type":"SearchAction","target":{"@type":"EntryPoint","urlTemplate":"https:\/\/www.copyr.eu\/igiene-ambientale\/?s={search_term_string}"},"query-input":{"@type":"PropertyValueSpecification","valueRequired":true,"valueName":"search_term_string"}}],"inLanguage":"it-IT"},{"@type":"Organization","@id":"https:\/\/www.copyr.eu\/igiene-ambientale\/#organization","name":"Copyr PCO","url":"https:\/\/www.copyr.eu\/igiene-ambientale\/","logo":{"@type":"ImageObject","inLanguage":"it-IT","@id":"https:\/\/www.copyr.eu\/igiene-ambientale\/#\/schema\/logo\/image\/","url":"https:\/\/www.copyr.eu\/igiene-ambientale\/wp-content\/uploads\/2024\/04\/logo-copyr-igiene-ambientale-definitivo-e1714141259143.png","contentUrl":"https:\/\/www.copyr.eu\/igiene-ambientale\/wp-content\/uploads\/2024\/04\/logo-copyr-igiene-ambientale-definitivo-e1714141259143.png","width":1051,"height":277,"caption":"Copyr PCO"},"image":{"@id":"https:\/\/www.copyr.eu\/igiene-ambientale\/#\/schema\/logo\/image\/"}},{"@type":"Person","@id":"https:\/\/www.copyr.eu\/igiene-ambientale\/#\/schema\/person\/55cd530997bfb9a999dcbafdaec489d9","name":"Marketing Copyr","url":"https:\/\/www.copyr.eu\/igiene-ambientale\/blog\/author\/marketing-copyr\/"}]}},"_links":{"self":[{"href":"https:\/\/www.copyr.eu\/igiene-ambientale\/wp-json\/wp\/v2\/posts\/2466","targetHints":{"allow":["GET"]}}],"collection":[{"href":"https:\/\/www.copyr.eu\/igiene-ambientale\/wp-json\/wp\/v2\/posts"}],"about":[{"href":"https:\/\/www.copyr.eu\/igiene-ambientale\/wp-json\/wp\/v2\/types\/post"}],"author":[{"embeddable":true,"href":"https:\/\/www.copyr.eu\/igiene-ambientale\/wp-json\/wp\/v2\/users\/7"}],"replies":[{"embeddable":true,"href":"https:\/\/www.copyr.eu\/igiene-ambientale\/wp-json\/wp\/v2\/comments?post=2466"}],"version-history":[{"count":1,"href":"https:\/\/www.copyr.eu\/igiene-ambientale\/wp-json\/wp\/v2\/posts\/2466\/revisions"}],"predecessor-version":[{"id":2829,"href":"https:\/\/www.copyr.eu\/igiene-ambientale\/wp-json\/wp\/v2\/posts\/2466\/revisions\/2829"}],"wp:featuredmedia":[{"embeddable":true,"href":"https:\/\/www.copyr.eu\/igiene-ambientale\/wp-json\/wp\/v2\/media\/2467"}],"wp:attachment":[{"href":"https:\/\/www.copyr.eu\/igiene-ambientale\/wp-json\/wp\/v2\/media?parent=2466"}],"wp:term":[{"taxonomy":"category","embeddable":true,"href":"https:\/\/www.copyr.eu\/igiene-ambientale\/wp-json\/wp\/v2\/categories?post=2466"},{"taxonomy":"post_tag","embeddable":true,"href":"https:\/\/www.copyr.eu\/igiene-ambientale\/wp-json\/wp\/v2\/tags?post=2466"},{"taxonomy":"target","embeddable":true,"href":"https:\/\/www.copyr.eu\/igiene-ambientale\/wp-json\/wp\/v2\/target?post=2466"}],"curies":[{"name":"wp","href":"https:\/\/api.w.org\/{rel}","templated":true}]}}