{"id":2436,"date":"2023-12-13T00:00:00","date_gmt":"2023-12-12T23:00:00","guid":{"rendered":"https:\/\/www.copyr.eu\/igiene-ambientale\/quanto-vive-una-zanzara\/"},"modified":"2024-05-09T16:28:23","modified_gmt":"2024-05-09T14:28:23","slug":"quanto-vive-una-zanzara","status":"publish","type":"post","link":"https:\/\/www.copyr.eu\/igiene-ambientale\/blog\/quanto-vive-una-zanzara\/","title":{"rendered":"Quanto vive una zanzara?"},"content":{"rendered":"\n<p>Nei ricordi di tante persone, la presenza delle zanzare \u00e8 un elemento legato alle serate estive. Da diversi anni, per\u00f2, nuove specie per i nostri luoghi, alloctone o aliene, che dir si voglia, ci hanno abituato alla loro presenza anche nelle ore diurne.<\/p>\n\n\n\n<p>La maggior parte delle persone al termine \u201czanzara\u201d, oltre al fastidio della puntura, associa immediatamente un insetto che vola. Il motivo di questo immediato collegamento risiede nel fatto che la presenza della zanzara \u00e8 solo percepibile quando \u00e8 nello stadio adulto, mentre negli altri stadi le persone non le vedono semplicemente perch\u00e9 vivono in un ambiente diverso e ben definito e non volano.&nbsp;<\/p>\n\n\n\n<p>La vita di una zanzara \u00e8 pi\u00f9 \u201cavventurosa\u201d, caratterizzata da un ciclo vitale specifico e proprio degli insetti olometaboli, che, in questi insetti, per completarsi ha necessit\u00e0 della presenza di acqua.&nbsp;<\/p>\n\n\n\n<p>La femmina, dopo essersi accoppiata, depone le uova direttamente nell\u2019acqua o in prossimit\u00e0 di essa, a seconda della specie.<\/p>\n\n\n\n<p>Al raggiungimento della maturazione dell\u2019embrione nell\u2019uovo, esce una zanzara allo stadio di larva che vive nell\u2019acqua (anche se poca e stagnante), qui trova il nutrimento necessario per crescere. Accumulata la sufficiente energia per passare allo stadio successivo, la larva si trasforma in pupa, continuando a vivere nell\u2019acqua. A differenza di tante altre specie di insetti, le pupe delle zanzare sono attive: pur non nutrendosi, sono in grado di muoversi agevolmente nell\u2019acqua proteggendosi da eventuali pericoli. Alla fine, si trasformano in zanzara adulta.<\/p>\n\n\n\n<p>Leggi anche:<\/p>\n\n\n\n<ul class=\"wp-block-list\">\n<li><a href=\"https:\/\/www.copyrpco.it\/blog\/156378523585583\/la-morfologia-degli-insetti--le-larve-delle-zanzare\/\" target=\"_blank\" rel=\"noreferrer noopener\"><strong>La morfologia degli insetti: le larve delle zanzare<\/strong><\/a><\/li>\n\n\n\n<li><a href=\"https:\/\/www.copyrpco.it\/blog\/156438875577944\/la-morfologia-degli-insetti--le-pupe-delle-zanzare\/\" target=\"_blank\" rel=\"noreferrer noopener\"><strong>La morfologia degli insetti: le pupe delle zanzare<\/strong><\/a><\/li>\n<\/ul>\n\n\n\n<p>Ma come \u00e8 scandita questa \u201cavventurosa\u201d vita di una zanzara? Il passaggio da uno stadio all\u2019altro dipende dalle condizioni ambientali: sicuramente l\u2019abbondanza di cibo per le larve, ma \u00e8 soprattutto la temperatura a dettare il ritmo.&nbsp;&nbsp;<\/p>\n\n\n\n<p>Nel caso di\u00a0<em>A\u00ebdes aegypti<\/em>\u00a0e\u00a0<em>A\u00ebdes albopictus<\/em>\u00a0sono sufficienti 7-10 giorni perch\u00e9 da un uovo si arrivi a un adulto, se le temperature sono elevate, come accade nelle giornate estive. Invece, quando le temperature sono pi\u00f9 basse, i tempi del ciclo si allungano e aumenta la longevit\u00e0 degli adulti, come dimostrato nel lavoro di Marinho\u00a0<em>et al<\/em>. (2016).<\/p>\n\n\n<div class=\"wp-block-image\">\n<figure class=\"aligncenter size-large\"><a href=\"https:\/\/www.copyr.eu\/igiene-ambientale\/wp-content\/uploads\/2023\/12\/temperature-zanzare.png\"><img loading=\"lazy\" decoding=\"async\" width=\"1024\" height=\"282\" src=\"https:\/\/www.copyr.eu\/igiene-ambientale\/wp-content\/uploads\/2023\/12\/temperature-zanzare-1024x282.png\" alt=\"\" class=\"wp-image-2921\" srcset=\"https:\/\/www.copyr.eu\/igiene-ambientale\/wp-content\/uploads\/2023\/12\/temperature-zanzare-1024x282.png 1024w, https:\/\/www.copyr.eu\/igiene-ambientale\/wp-content\/uploads\/2023\/12\/temperature-zanzare-300x82.png 300w, https:\/\/www.copyr.eu\/igiene-ambientale\/wp-content\/uploads\/2023\/12\/temperature-zanzare-768x211.png 768w, https:\/\/www.copyr.eu\/igiene-ambientale\/wp-content\/uploads\/2023\/12\/temperature-zanzare-655x180.png 655w, https:\/\/www.copyr.eu\/igiene-ambientale\/wp-content\/uploads\/2023\/12\/temperature-zanzare.png 1164w\" sizes=\"auto, (max-width: 1024px) 100vw, 1024px\" \/><\/a><\/figure>\n<\/div>\n\n\n<p>Un elemento molto interessante \u00e8 che gli adulti, anche in presenza di temperature pi\u00f9 basse, continuano a deporre uova.&nbsp;<\/p>\n\n\n\n<p>Un\u2019ultima considerazione, collegabile anche al fenomeno del cambiamento climatico: se in ottobre si hanno temperature pi\u00f9 alte, in linea con settembre, e in novembre si hanno temperature in linea con ottobre, avremo zanzare che continueranno a deporre uova, quindi larve che completeranno il loro ciclo e nuove zanzare.<\/p>\n\n\n\n<p>\u00c8 il caso di rivedere il concetto che colloca le zanzare come insetti delle serate estive perch\u00e9 oramai sono diventate anche una compagnia primaverile e autunnale, sia specie autoctone o alloctone.<\/p>\n","protected":false},"excerpt":{"rendered":"<p><span class=\"rt-reading-time\" style=\"display: block;\"><span class=\"rt-label rt-prefix\">Tempo di lettura: <\/span> <span class=\"rt-time\">2<\/span> <span class=\"rt-label rt-postfix\">minuti<\/span><\/span> Nei ricordi di tante persone, la presenza delle zanzare \u00e8 un elemento legato alle serate estive. Da diversi anni, per\u00f2, nuove specie per i nostri luoghi, alloctone o aliene, che dir si voglia, ci hanno abituato alla loro presenza anche nelle ore diurne. La maggior parte delle persone al termine \u201czanzara\u201d, oltre al fastidio della [&hellip;]<\/p>\n","protected":false},"author":7,"featured_media":2437,"comment_status":"closed","ping_status":"closed","sticky":false,"template":"","format":"standard","meta":{"inline_featured_image":false,"_genesis_hide_title":false,"_genesis_hide_breadcrumbs":false,"_genesis_hide_singular_image":false,"_genesis_hide_footer_widgets":false,"_genesis_custom_body_class":"","_genesis_custom_post_class":"","_genesis_layout":"","footnotes":""},"categories":[602],"tags":[426,808,1200,360],"target":[2709],"class_list":{"0":"post-2436","1":"post","2":"type-post","3":"status-publish","4":"format-standard","5":"has-post-thumbnail","7":"category-condomini","8":"tag-disinfestazione","9":"tag-insetticidi","10":"tag-pco","11":"tag-zanzare","12":"target-pco","13":"entry"},"acf":[],"yoast_head":"<!-- This site is optimized with the Yoast SEO plugin v23.4 - https:\/\/yoast.com\/wordpress\/plugins\/seo\/ -->\n<title>Quanto vive una zanzara? | Approfondimenti<\/title>\n<meta name=\"robots\" content=\"index, follow, max-snippet:-1, max-image-preview:large, max-video-preview:-1\" \/>\n<link rel=\"canonical\" href=\"https:\/\/www.copyr.eu\/igiene-ambientale\/blog\/quanto-vive-una-zanzara\/\" \/>\n<meta property=\"og:locale\" content=\"it_IT\" \/>\n<meta property=\"og:type\" content=\"article\" \/>\n<meta property=\"og:title\" content=\"Quanto vive una zanzara? | Approfondimenti\" \/>\n<meta property=\"og:description\" content=\"Tempo di lettura: 2 minuti Nei ricordi di tante persone, la presenza delle zanzare \u00e8 un elemento legato alle serate estive. Da diversi anni, per\u00f2, nuove specie per i nostri luoghi, alloctone o aliene, che dir si voglia, ci hanno abituato alla loro presenza anche nelle ore diurne. La maggior parte delle persone al termine \u201czanzara\u201d, oltre al fastidio della [&hellip;]\" \/>\n<meta property=\"og:url\" content=\"https:\/\/www.copyr.eu\/igiene-ambientale\/blog\/quanto-vive-una-zanzara\/\" \/>\n<meta property=\"og:site_name\" content=\"Copyr PCO\" \/>\n<meta property=\"article:published_time\" content=\"2023-12-12T23:00:00+00:00\" \/>\n<meta property=\"article:modified_time\" content=\"2024-05-09T14:28:23+00:00\" \/>\n<meta property=\"og:image\" content=\"https:\/\/www.copyr.eu\/igiene-ambientale\/wp-content\/uploads\/2024\/02\/18_170248241773841_170248287752538.preview.jpg\" \/>\n\t<meta property=\"og:image:width\" content=\"600\" \/>\n\t<meta property=\"og:image:height\" content=\"397\" \/>\n\t<meta property=\"og:image:type\" content=\"image\/jpeg\" \/>\n<meta name=\"author\" content=\"Marketing Copyr\" \/>\n<meta name=\"twitter:card\" content=\"summary_large_image\" \/>\n<meta name=\"twitter:label1\" content=\"Scritto da\" \/>\n\t<meta name=\"twitter:data1\" content=\"Marketing Copyr\" \/>\n\t<meta name=\"twitter:label2\" content=\"Tempo di lettura stimato\" \/>\n\t<meta name=\"twitter:data2\" content=\"3 minuti\" \/>\n<script type=\"application\/ld+json\" class=\"yoast-schema-graph\">{\"@context\":\"https:\/\/schema.org\",\"@graph\":[{\"@type\":\"Article\",\"@id\":\"https:\/\/www.copyr.eu\/igiene-ambientale\/blog\/quanto-vive-una-zanzara\/#article\",\"isPartOf\":{\"@id\":\"https:\/\/www.copyr.eu\/igiene-ambientale\/blog\/quanto-vive-una-zanzara\/\"},\"author\":{\"name\":\"Marketing Copyr\",\"@id\":\"https:\/\/www.copyr.eu\/igiene-ambientale\/#\/schema\/person\/55cd530997bfb9a999dcbafdaec489d9\"},\"headline\":\"Quanto vive una zanzara?\",\"datePublished\":\"2023-12-12T23:00:00+00:00\",\"dateModified\":\"2024-05-09T14:28:23+00:00\",\"mainEntityOfPage\":{\"@id\":\"https:\/\/www.copyr.eu\/igiene-ambientale\/blog\/quanto-vive-una-zanzara\/\"},\"wordCount\":460,\"publisher\":{\"@id\":\"https:\/\/www.copyr.eu\/igiene-ambientale\/#organization\"},\"image\":{\"@id\":\"https:\/\/www.copyr.eu\/igiene-ambientale\/blog\/quanto-vive-una-zanzara\/#primaryimage\"},\"thumbnailUrl\":\"https:\/\/www.copyr.eu\/igiene-ambientale\/wp-content\/uploads\/2024\/02\/18_170248241773841_170248287752538.preview.jpg\",\"keywords\":[\"disinfestazione\",\"insetticidi\",\"PCO\",\"zanzare\"],\"articleSection\":[\"Condomini\"],\"inLanguage\":\"it-IT\"},{\"@type\":\"WebPage\",\"@id\":\"https:\/\/www.copyr.eu\/igiene-ambientale\/blog\/quanto-vive-una-zanzara\/\",\"url\":\"https:\/\/www.copyr.eu\/igiene-ambientale\/blog\/quanto-vive-una-zanzara\/\",\"name\":\"Quanto vive una zanzara? | Approfondimenti\",\"isPartOf\":{\"@id\":\"https:\/\/www.copyr.eu\/igiene-ambientale\/#website\"},\"primaryImageOfPage\":{\"@id\":\"https:\/\/www.copyr.eu\/igiene-ambientale\/blog\/quanto-vive-una-zanzara\/#primaryimage\"},\"image\":{\"@id\":\"https:\/\/www.copyr.eu\/igiene-ambientale\/blog\/quanto-vive-una-zanzara\/#primaryimage\"},\"thumbnailUrl\":\"https:\/\/www.copyr.eu\/igiene-ambientale\/wp-content\/uploads\/2024\/02\/18_170248241773841_170248287752538.preview.jpg\",\"datePublished\":\"2023-12-12T23:00:00+00:00\",\"dateModified\":\"2024-05-09T14:28:23+00:00\",\"breadcrumb\":{\"@id\":\"https:\/\/www.copyr.eu\/igiene-ambientale\/blog\/quanto-vive-una-zanzara\/#breadcrumb\"},\"inLanguage\":\"it-IT\",\"potentialAction\":[{\"@type\":\"ReadAction\",\"target\":[\"https:\/\/www.copyr.eu\/igiene-ambientale\/blog\/quanto-vive-una-zanzara\/\"]}]},{\"@type\":\"ImageObject\",\"inLanguage\":\"it-IT\",\"@id\":\"https:\/\/www.copyr.eu\/igiene-ambientale\/blog\/quanto-vive-una-zanzara\/#primaryimage\",\"url\":\"https:\/\/www.copyr.eu\/igiene-ambientale\/wp-content\/uploads\/2024\/02\/18_170248241773841_170248287752538.preview.jpg\",\"contentUrl\":\"https:\/\/www.copyr.eu\/igiene-ambientale\/wp-content\/uploads\/2024\/02\/18_170248241773841_170248287752538.preview.jpg\",\"width\":600,\"height\":397},{\"@type\":\"BreadcrumbList\",\"@id\":\"https:\/\/www.copyr.eu\/igiene-ambientale\/blog\/quanto-vive-una-zanzara\/#breadcrumb\",\"itemListElement\":[{\"@type\":\"ListItem\",\"position\":1,\"name\":\"Home\",\"item\":\"https:\/\/www.copyr.eu\/igiene-ambientale\/\"},{\"@type\":\"ListItem\",\"position\":2,\"name\":\"Condomini\",\"item\":\"https:\/\/www.copyr.eu\/igiene-ambientale\/blog\/category\/condomini\/\"},{\"@type\":\"ListItem\",\"position\":3,\"name\":\"Quanto vive una zanzara?\"}]},{\"@type\":\"WebSite\",\"@id\":\"https:\/\/www.copyr.eu\/igiene-ambientale\/#website\",\"url\":\"https:\/\/www.copyr.eu\/igiene-ambientale\/\",\"name\":\"Copyr PCO\",\"description\":\"Portale dedicato alla disinfestazione\",\"publisher\":{\"@id\":\"https:\/\/www.copyr.eu\/igiene-ambientale\/#organization\"},\"potentialAction\":[{\"@type\":\"SearchAction\",\"target\":{\"@type\":\"EntryPoint\",\"urlTemplate\":\"https:\/\/www.copyr.eu\/igiene-ambientale\/?s={search_term_string}\"},\"query-input\":{\"@type\":\"PropertyValueSpecification\",\"valueRequired\":true,\"valueName\":\"search_term_string\"}}],\"inLanguage\":\"it-IT\"},{\"@type\":\"Organization\",\"@id\":\"https:\/\/www.copyr.eu\/igiene-ambientale\/#organization\",\"name\":\"Copyr PCO\",\"url\":\"https:\/\/www.copyr.eu\/igiene-ambientale\/\",\"logo\":{\"@type\":\"ImageObject\",\"inLanguage\":\"it-IT\",\"@id\":\"https:\/\/www.copyr.eu\/igiene-ambientale\/#\/schema\/logo\/image\/\",\"url\":\"https:\/\/www.copyr.eu\/igiene-ambientale\/wp-content\/uploads\/2024\/04\/logo-copyr-igiene-ambientale-definitivo-e1714141259143.png\",\"contentUrl\":\"https:\/\/www.copyr.eu\/igiene-ambientale\/wp-content\/uploads\/2024\/04\/logo-copyr-igiene-ambientale-definitivo-e1714141259143.png\",\"width\":1051,\"height\":277,\"caption\":\"Copyr PCO\"},\"image\":{\"@id\":\"https:\/\/www.copyr.eu\/igiene-ambientale\/#\/schema\/logo\/image\/\"}},{\"@type\":\"Person\",\"@id\":\"https:\/\/www.copyr.eu\/igiene-ambientale\/#\/schema\/person\/55cd530997bfb9a999dcbafdaec489d9\",\"name\":\"Marketing Copyr\",\"url\":\"https:\/\/www.copyr.eu\/igiene-ambientale\/blog\/author\/marketing-copyr\/\"}]}<\/script>\n<!-- \/ Yoast SEO plugin. -->","yoast_head_json":{"title":"Quanto vive una zanzara? | Approfondimenti","robots":{"index":"index","follow":"follow","max-snippet":"max-snippet:-1","max-image-preview":"max-image-preview:large","max-video-preview":"max-video-preview:-1"},"canonical":"https:\/\/www.copyr.eu\/igiene-ambientale\/blog\/quanto-vive-una-zanzara\/","og_locale":"it_IT","og_type":"article","og_title":"Quanto vive una zanzara? | Approfondimenti","og_description":"Tempo di lettura: 2 minuti Nei ricordi di tante persone, la presenza delle zanzare \u00e8 un elemento legato alle serate estive. Da diversi anni, per\u00f2, nuove specie per i nostri luoghi, alloctone o aliene, che dir si voglia, ci hanno abituato alla loro presenza anche nelle ore diurne. La maggior parte delle persone al termine \u201czanzara\u201d, oltre al fastidio della [&hellip;]","og_url":"https:\/\/www.copyr.eu\/igiene-ambientale\/blog\/quanto-vive-una-zanzara\/","og_site_name":"Copyr PCO","article_published_time":"2023-12-12T23:00:00+00:00","article_modified_time":"2024-05-09T14:28:23+00:00","og_image":[{"width":600,"height":397,"url":"https:\/\/www.copyr.eu\/igiene-ambientale\/wp-content\/uploads\/2024\/02\/18_170248241773841_170248287752538.preview.jpg","type":"image\/jpeg"}],"author":"Marketing Copyr","twitter_card":"summary_large_image","twitter_misc":{"Scritto da":"Marketing Copyr","Tempo di lettura stimato":"3 minuti"},"schema":{"@context":"https:\/\/schema.org","@graph":[{"@type":"Article","@id":"https:\/\/www.copyr.eu\/igiene-ambientale\/blog\/quanto-vive-una-zanzara\/#article","isPartOf":{"@id":"https:\/\/www.copyr.eu\/igiene-ambientale\/blog\/quanto-vive-una-zanzara\/"},"author":{"name":"Marketing Copyr","@id":"https:\/\/www.copyr.eu\/igiene-ambientale\/#\/schema\/person\/55cd530997bfb9a999dcbafdaec489d9"},"headline":"Quanto vive una zanzara?","datePublished":"2023-12-12T23:00:00+00:00","dateModified":"2024-05-09T14:28:23+00:00","mainEntityOfPage":{"@id":"https:\/\/www.copyr.eu\/igiene-ambientale\/blog\/quanto-vive-una-zanzara\/"},"wordCount":460,"publisher":{"@id":"https:\/\/www.copyr.eu\/igiene-ambientale\/#organization"},"image":{"@id":"https:\/\/www.copyr.eu\/igiene-ambientale\/blog\/quanto-vive-una-zanzara\/#primaryimage"},"thumbnailUrl":"https:\/\/www.copyr.eu\/igiene-ambientale\/wp-content\/uploads\/2024\/02\/18_170248241773841_170248287752538.preview.jpg","keywords":["disinfestazione","insetticidi","PCO","zanzare"],"articleSection":["Condomini"],"inLanguage":"it-IT"},{"@type":"WebPage","@id":"https:\/\/www.copyr.eu\/igiene-ambientale\/blog\/quanto-vive-una-zanzara\/","url":"https:\/\/www.copyr.eu\/igiene-ambientale\/blog\/quanto-vive-una-zanzara\/","name":"Quanto vive una zanzara? | Approfondimenti","isPartOf":{"@id":"https:\/\/www.copyr.eu\/igiene-ambientale\/#website"},"primaryImageOfPage":{"@id":"https:\/\/www.copyr.eu\/igiene-ambientale\/blog\/quanto-vive-una-zanzara\/#primaryimage"},"image":{"@id":"https:\/\/www.copyr.eu\/igiene-ambientale\/blog\/quanto-vive-una-zanzara\/#primaryimage"},"thumbnailUrl":"https:\/\/www.copyr.eu\/igiene-ambientale\/wp-content\/uploads\/2024\/02\/18_170248241773841_170248287752538.preview.jpg","datePublished":"2023-12-12T23:00:00+00:00","dateModified":"2024-05-09T14:28:23+00:00","breadcrumb":{"@id":"https:\/\/www.copyr.eu\/igiene-ambientale\/blog\/quanto-vive-una-zanzara\/#breadcrumb"},"inLanguage":"it-IT","potentialAction":[{"@type":"ReadAction","target":["https:\/\/www.copyr.eu\/igiene-ambientale\/blog\/quanto-vive-una-zanzara\/"]}]},{"@type":"ImageObject","inLanguage":"it-IT","@id":"https:\/\/www.copyr.eu\/igiene-ambientale\/blog\/quanto-vive-una-zanzara\/#primaryimage","url":"https:\/\/www.copyr.eu\/igiene-ambientale\/wp-content\/uploads\/2024\/02\/18_170248241773841_170248287752538.preview.jpg","contentUrl":"https:\/\/www.copyr.eu\/igiene-ambientale\/wp-content\/uploads\/2024\/02\/18_170248241773841_170248287752538.preview.jpg","width":600,"height":397},{"@type":"BreadcrumbList","@id":"https:\/\/www.copyr.eu\/igiene-ambientale\/blog\/quanto-vive-una-zanzara\/#breadcrumb","itemListElement":[{"@type":"ListItem","position":1,"name":"Home","item":"https:\/\/www.copyr.eu\/igiene-ambientale\/"},{"@type":"ListItem","position":2,"name":"Condomini","item":"https:\/\/www.copyr.eu\/igiene-ambientale\/blog\/category\/condomini\/"},{"@type":"ListItem","position":3,"name":"Quanto vive una zanzara?"}]},{"@type":"WebSite","@id":"https:\/\/www.copyr.eu\/igiene-ambientale\/#website","url":"https:\/\/www.copyr.eu\/igiene-ambientale\/","name":"Copyr PCO","description":"Portale dedicato alla disinfestazione","publisher":{"@id":"https:\/\/www.copyr.eu\/igiene-ambientale\/#organization"},"potentialAction":[{"@type":"SearchAction","target":{"@type":"EntryPoint","urlTemplate":"https:\/\/www.copyr.eu\/igiene-ambientale\/?s={search_term_string}"},"query-input":{"@type":"PropertyValueSpecification","valueRequired":true,"valueName":"search_term_string"}}],"inLanguage":"it-IT"},{"@type":"Organization","@id":"https:\/\/www.copyr.eu\/igiene-ambientale\/#organization","name":"Copyr PCO","url":"https:\/\/www.copyr.eu\/igiene-ambientale\/","logo":{"@type":"ImageObject","inLanguage":"it-IT","@id":"https:\/\/www.copyr.eu\/igiene-ambientale\/#\/schema\/logo\/image\/","url":"https:\/\/www.copyr.eu\/igiene-ambientale\/wp-content\/uploads\/2024\/04\/logo-copyr-igiene-ambientale-definitivo-e1714141259143.png","contentUrl":"https:\/\/www.copyr.eu\/igiene-ambientale\/wp-content\/uploads\/2024\/04\/logo-copyr-igiene-ambientale-definitivo-e1714141259143.png","width":1051,"height":277,"caption":"Copyr PCO"},"image":{"@id":"https:\/\/www.copyr.eu\/igiene-ambientale\/#\/schema\/logo\/image\/"}},{"@type":"Person","@id":"https:\/\/www.copyr.eu\/igiene-ambientale\/#\/schema\/person\/55cd530997bfb9a999dcbafdaec489d9","name":"Marketing Copyr","url":"https:\/\/www.copyr.eu\/igiene-ambientale\/blog\/author\/marketing-copyr\/"}]}},"_links":{"self":[{"href":"https:\/\/www.copyr.eu\/igiene-ambientale\/wp-json\/wp\/v2\/posts\/2436","targetHints":{"allow":["GET"]}}],"collection":[{"href":"https:\/\/www.copyr.eu\/igiene-ambientale\/wp-json\/wp\/v2\/posts"}],"about":[{"href":"https:\/\/www.copyr.eu\/igiene-ambientale\/wp-json\/wp\/v2\/types\/post"}],"author":[{"embeddable":true,"href":"https:\/\/www.copyr.eu\/igiene-ambientale\/wp-json\/wp\/v2\/users\/7"}],"replies":[{"embeddable":true,"href":"https:\/\/www.copyr.eu\/igiene-ambientale\/wp-json\/wp\/v2\/comments?post=2436"}],"version-history":[{"count":3,"href":"https:\/\/www.copyr.eu\/igiene-ambientale\/wp-json\/wp\/v2\/posts\/2436\/revisions"}],"predecessor-version":[{"id":3747,"href":"https:\/\/www.copyr.eu\/igiene-ambientale\/wp-json\/wp\/v2\/posts\/2436\/revisions\/3747"}],"wp:featuredmedia":[{"embeddable":true,"href":"https:\/\/www.copyr.eu\/igiene-ambientale\/wp-json\/wp\/v2\/media\/2437"}],"wp:attachment":[{"href":"https:\/\/www.copyr.eu\/igiene-ambientale\/wp-json\/wp\/v2\/media?parent=2436"}],"wp:term":[{"taxonomy":"category","embeddable":true,"href":"https:\/\/www.copyr.eu\/igiene-ambientale\/wp-json\/wp\/v2\/categories?post=2436"},{"taxonomy":"post_tag","embeddable":true,"href":"https:\/\/www.copyr.eu\/igiene-ambientale\/wp-json\/wp\/v2\/tags?post=2436"},{"taxonomy":"target","embeddable":true,"href":"https:\/\/www.copyr.eu\/igiene-ambientale\/wp-json\/wp\/v2\/target?post=2436"}],"curies":[{"name":"wp","href":"https:\/\/api.w.org\/{rel}","templated":true}]}}