{"id":2432,"date":"2023-10-23T00:00:00","date_gmt":"2023-10-22T22:00:00","guid":{"rendered":"https:\/\/www.copyr.eu\/igiene-ambientale\/zecche-problema-per-luomo-e-per-gli-animali-parte-1\/"},"modified":"2024-05-09T16:28:23","modified_gmt":"2024-05-09T14:28:23","slug":"zecche-problema-per-luomo-e-per-gli-animali-parte-1","status":"publish","type":"post","link":"https:\/\/www.copyr.eu\/igiene-ambientale\/blog\/zecche-problema-per-luomo-e-per-gli-animali-parte-1\/","title":{"rendered":"Zecche, problema per l&#8217;uomo e per gli animali (parte 1)"},"content":{"rendered":"\n<p>In alcuni periodi dell\u2019anno, spesso in corrispondenza della bella stagione, in cui fa pi\u00f9 caldo e le persone escono di pi\u00f9, leggiamo sulla stampa notizie, pi\u00f9 o meno allarmanti, circa la proliferazione di zecche, la moltiplicazione di morsi a individui e, di conseguenza, dei rischi per la salute dell\u2019uomo.<\/p>\n\n\n\n<p>\u00c8 molto importante essere consapevoli del reale rischio e saper riconoscere una zecca.<\/p>\n\n\n\n<p>A conferma dell\u2019importanza di questi aracnidi, da diversi anni, nell\u2019attivit\u00e0 degli Istituti zooprofilattici italiani \u00e8 previsto lo studio delle zecche e delle conseguenze che causano questi animali. L\u2019IZSLER (Istituto Zooprofilattico Sperimentale della Lombardia e dell\u2019Emilia-Romagna) gi\u00e0 nel 2013 pubblicava una brochure per il riconoscimento, e non solo, delle zecche.<\/p>\n\n\n\n<p>Sempre l\u2019IZSLER, sul suo sito, con una interessante pubblicazione: \u201cVai in montagna o all\u2019aperto nei prati? Proteggiti dalle zecche\u201d, ha spiegato in maniera semplice cosa sono le zecche, dove si trovano, che tipo di attivit\u00e0 hanno e in che periodo e quali possono essere i rischi per la salute umana.<\/p>\n\n\n\n<p>Le zecche si nutrono di sangue, sia suggendolo dall\u2019uomo sia da mammiferi e uccelli. Durante il pasto di sangue, che avviene senza provocare alcun dolore o fastidio, la zecca immette della saliva nella pelle dell\u2019animale o dell\u2019uomo. Questo atto \u00e8 potenzialmente trasmissivo di patogeni: batteri come Anaplasma, Rickettsia, Borrelia burgdorferi (causa della malattia di Lyme), Babesia o virus come il virus Flavivirus (causa dell\u2019encefalite da zecche, TBE.<\/p>\n\n\n\n<p>Il lavoro dell\u2019IZSLER prevede anche il monitoraggio del fenomeno. In collaborazione con le provincie di Sondrio e di Pavia ha prodotto una campagna di informazione dei cittadini invitandoli a consegnare esemplari di zecche alle sedi locali dell\u2019Istituto. Nel periodo 2018-2021 (anni di durata del progetto) sono state consegnate 922 zecche, poi analizzate per verificare se fossero infette. Ed ecco i risultati:<\/p>\n\n\n<div class=\"wp-block-image\">\n<figure class=\"aligncenter size-full\"><a href=\"https:\/\/www.copyr.eu\/igiene-ambientale\/wp-content\/uploads\/2023\/10\/tabella-zecche.png\"><img loading=\"lazy\" decoding=\"async\" width=\"716\" height=\"218\" src=\"https:\/\/www.copyr.eu\/igiene-ambientale\/wp-content\/uploads\/2023\/10\/tabella-zecche.png\" alt=\"\" class=\"wp-image-2917\" srcset=\"https:\/\/www.copyr.eu\/igiene-ambientale\/wp-content\/uploads\/2023\/10\/tabella-zecche.png 716w, https:\/\/www.copyr.eu\/igiene-ambientale\/wp-content\/uploads\/2023\/10\/tabella-zecche-300x91.png 300w, https:\/\/www.copyr.eu\/igiene-ambientale\/wp-content\/uploads\/2023\/10\/tabella-zecche-655x199.png 655w\" sizes=\"auto, (max-width: 716px) 100vw, 716px\" \/><\/a><\/figure>\n<\/div>\n\n\n<p>Queste informazioni sono utili \u201cnelle decisioni di profilassi o di terapia che saranno messe in atto dai medici in conseguenza dei morsi da zecche\u201d, come si legge nella news.<\/p>\n","protected":false},"excerpt":{"rendered":"<p><span class=\"rt-reading-time\" style=\"display: block;\"><span class=\"rt-label rt-prefix\">Tempo di lettura: <\/span> <span class=\"rt-time\">2<\/span> <span class=\"rt-label rt-postfix\">minuti<\/span><\/span> <\/p>\n<p>In alcuni periodi dell&#8217;anno, spesso in corrispondenza della bella  stagione, in cui fa pi\u00f9 caldo e le persone escono di pi\u00f9, leggiamo sulla  stampa notizie, pi\u00f9 o meno allarmanti, circa la proliferazione di <strong>zecche<\/strong>, la moltiplicazione di morsi a individui e, di conseguenza, dei rischi per la salute dell&#8217;uomo.<\/p>\n","protected":false},"author":7,"featured_media":2433,"comment_status":"closed","ping_status":"closed","sticky":false,"template":"","format":"standard","meta":{"inline_featured_image":false,"_genesis_hide_title":false,"_genesis_hide_breadcrumbs":false,"_genesis_hide_singular_image":false,"_genesis_hide_footer_widgets":false,"_genesis_custom_body_class":"","_genesis_custom_post_class":"","_genesis_layout":"","footnotes":""},"categories":[602],"tags":[868,578,1348,1342,1344,1350,1352,1346,556,1340],"target":[2708,2709],"class_list":{"0":"post-2432","1":"post","2":"type-post","3":"status-publish","4":"format-standard","5":"has-post-thumbnail","7":"category-condomini","8":"tag-animali","9":"tag-artropodi","10":"tag-borreliosi","11":"tag-cani","12":"tag-gatti","13":"tag-lencefalite-da-zecca","14":"tag-la-rickettsiosi","15":"tag-malattia-di-lyme","16":"tag-punture","17":"tag-zecche","18":"target-ho-re-ca","19":"target-pco","20":"entry"},"acf":[],"yoast_head":"<!-- This site is optimized with the Yoast SEO plugin v23.4 - https:\/\/yoast.com\/wordpress\/plugins\/seo\/ -->\n<title>Zecche, problema per l&#039;uomo e per gli animali (parte 1) | Approfondimenti<\/title>\n<meta name=\"robots\" content=\"index, follow, max-snippet:-1, max-image-preview:large, max-video-preview:-1\" \/>\n<link rel=\"canonical\" href=\"https:\/\/www.copyr.eu\/igiene-ambientale\/blog\/zecche-problema-per-luomo-e-per-gli-animali-parte-1\/\" \/>\n<meta property=\"og:locale\" content=\"it_IT\" \/>\n<meta property=\"og:type\" content=\"article\" \/>\n<meta property=\"og:title\" content=\"Zecche, problema per l&#039;uomo e per gli animali (parte 1) | Approfondimenti\" \/>\n<meta property=\"og:description\" content=\"Tempo di lettura: 2 minuti In alcuni periodi dell&#039;anno, spesso in corrispondenza della bella stagione, in cui fa pi\u00f9 caldo e le persone escono di pi\u00f9, leggiamo sulla stampa notizie, pi\u00f9 o meno allarmanti, circa la proliferazione di zecche, la moltiplicazione di morsi a individui e, di conseguenza, dei rischi per la salute dell&#039;uomo.\" \/>\n<meta property=\"og:url\" content=\"https:\/\/www.copyr.eu\/igiene-ambientale\/blog\/zecche-problema-per-luomo-e-per-gli-animali-parte-1\/\" \/>\n<meta property=\"og:site_name\" content=\"Copyr PCO\" \/>\n<meta property=\"article:published_time\" content=\"2023-10-22T22:00:00+00:00\" \/>\n<meta property=\"article:modified_time\" content=\"2024-05-09T14:28:23+00:00\" \/>\n<meta property=\"og:image\" content=\"https:\/\/www.copyr.eu\/igiene-ambientale\/wp-content\/uploads\/2024\/02\/18_169805061069716_169805151575987.preview.jpg\" \/>\n\t<meta property=\"og:image:width\" content=\"600\" \/>\n\t<meta property=\"og:image:height\" content=\"400\" \/>\n\t<meta property=\"og:image:type\" content=\"image\/jpeg\" \/>\n<meta name=\"author\" content=\"Marketing Copyr\" \/>\n<meta name=\"twitter:card\" content=\"summary_large_image\" \/>\n<meta name=\"twitter:label1\" content=\"Scritto da\" \/>\n\t<meta name=\"twitter:data1\" content=\"Marketing Copyr\" \/>\n\t<meta name=\"twitter:label2\" content=\"Tempo di lettura stimato\" \/>\n\t<meta name=\"twitter:data2\" content=\"3 minuti\" \/>\n<script type=\"application\/ld+json\" class=\"yoast-schema-graph\">{\"@context\":\"https:\/\/schema.org\",\"@graph\":[{\"@type\":\"Article\",\"@id\":\"https:\/\/www.copyr.eu\/igiene-ambientale\/blog\/zecche-problema-per-luomo-e-per-gli-animali-parte-1\/#article\",\"isPartOf\":{\"@id\":\"https:\/\/www.copyr.eu\/igiene-ambientale\/blog\/zecche-problema-per-luomo-e-per-gli-animali-parte-1\/\"},\"author\":{\"name\":\"Marketing Copyr\",\"@id\":\"https:\/\/www.copyr.eu\/igiene-ambientale\/#\/schema\/person\/55cd530997bfb9a999dcbafdaec489d9\"},\"headline\":\"Zecche, problema per l&#8217;uomo e per gli animali (parte 1)\",\"datePublished\":\"2023-10-22T22:00:00+00:00\",\"dateModified\":\"2024-05-09T14:28:23+00:00\",\"mainEntityOfPage\":{\"@id\":\"https:\/\/www.copyr.eu\/igiene-ambientale\/blog\/zecche-problema-per-luomo-e-per-gli-animali-parte-1\/\"},\"wordCount\":337,\"publisher\":{\"@id\":\"https:\/\/www.copyr.eu\/igiene-ambientale\/#organization\"},\"image\":{\"@id\":\"https:\/\/www.copyr.eu\/igiene-ambientale\/blog\/zecche-problema-per-luomo-e-per-gli-animali-parte-1\/#primaryimage\"},\"thumbnailUrl\":\"https:\/\/www.copyr.eu\/igiene-ambientale\/wp-content\/uploads\/2024\/02\/18_169805061069716_169805151575987.preview.jpg\",\"keywords\":[\"animali\",\"artropodi\",\"borreliosi\",\"cani\",\"gatti\",\"l'encefalite da zecca\",\"la rickettsiosi\",\"malattia di Lyme\",\"punture\",\"zecche\"],\"articleSection\":[\"Condomini\"],\"inLanguage\":\"it-IT\"},{\"@type\":\"WebPage\",\"@id\":\"https:\/\/www.copyr.eu\/igiene-ambientale\/blog\/zecche-problema-per-luomo-e-per-gli-animali-parte-1\/\",\"url\":\"https:\/\/www.copyr.eu\/igiene-ambientale\/blog\/zecche-problema-per-luomo-e-per-gli-animali-parte-1\/\",\"name\":\"Zecche, problema per l'uomo e per gli animali (parte 1) | Approfondimenti\",\"isPartOf\":{\"@id\":\"https:\/\/www.copyr.eu\/igiene-ambientale\/#website\"},\"primaryImageOfPage\":{\"@id\":\"https:\/\/www.copyr.eu\/igiene-ambientale\/blog\/zecche-problema-per-luomo-e-per-gli-animali-parte-1\/#primaryimage\"},\"image\":{\"@id\":\"https:\/\/www.copyr.eu\/igiene-ambientale\/blog\/zecche-problema-per-luomo-e-per-gli-animali-parte-1\/#primaryimage\"},\"thumbnailUrl\":\"https:\/\/www.copyr.eu\/igiene-ambientale\/wp-content\/uploads\/2024\/02\/18_169805061069716_169805151575987.preview.jpg\",\"datePublished\":\"2023-10-22T22:00:00+00:00\",\"dateModified\":\"2024-05-09T14:28:23+00:00\",\"breadcrumb\":{\"@id\":\"https:\/\/www.copyr.eu\/igiene-ambientale\/blog\/zecche-problema-per-luomo-e-per-gli-animali-parte-1\/#breadcrumb\"},\"inLanguage\":\"it-IT\",\"potentialAction\":[{\"@type\":\"ReadAction\",\"target\":[\"https:\/\/www.copyr.eu\/igiene-ambientale\/blog\/zecche-problema-per-luomo-e-per-gli-animali-parte-1\/\"]}]},{\"@type\":\"ImageObject\",\"inLanguage\":\"it-IT\",\"@id\":\"https:\/\/www.copyr.eu\/igiene-ambientale\/blog\/zecche-problema-per-luomo-e-per-gli-animali-parte-1\/#primaryimage\",\"url\":\"https:\/\/www.copyr.eu\/igiene-ambientale\/wp-content\/uploads\/2024\/02\/18_169805061069716_169805151575987.preview.jpg\",\"contentUrl\":\"https:\/\/www.copyr.eu\/igiene-ambientale\/wp-content\/uploads\/2024\/02\/18_169805061069716_169805151575987.preview.jpg\",\"width\":600,\"height\":400},{\"@type\":\"BreadcrumbList\",\"@id\":\"https:\/\/www.copyr.eu\/igiene-ambientale\/blog\/zecche-problema-per-luomo-e-per-gli-animali-parte-1\/#breadcrumb\",\"itemListElement\":[{\"@type\":\"ListItem\",\"position\":1,\"name\":\"Home\",\"item\":\"https:\/\/www.copyr.eu\/igiene-ambientale\/\"},{\"@type\":\"ListItem\",\"position\":2,\"name\":\"Condomini\",\"item\":\"https:\/\/www.copyr.eu\/igiene-ambientale\/blog\/category\/condomini\/\"},{\"@type\":\"ListItem\",\"position\":3,\"name\":\"Zecche, problema per l&#8217;uomo e per gli animali (parte 1)\"}]},{\"@type\":\"WebSite\",\"@id\":\"https:\/\/www.copyr.eu\/igiene-ambientale\/#website\",\"url\":\"https:\/\/www.copyr.eu\/igiene-ambientale\/\",\"name\":\"Copyr PCO\",\"description\":\"Portale dedicato alla disinfestazione\",\"publisher\":{\"@id\":\"https:\/\/www.copyr.eu\/igiene-ambientale\/#organization\"},\"potentialAction\":[{\"@type\":\"SearchAction\",\"target\":{\"@type\":\"EntryPoint\",\"urlTemplate\":\"https:\/\/www.copyr.eu\/igiene-ambientale\/?s={search_term_string}\"},\"query-input\":{\"@type\":\"PropertyValueSpecification\",\"valueRequired\":true,\"valueName\":\"search_term_string\"}}],\"inLanguage\":\"it-IT\"},{\"@type\":\"Organization\",\"@id\":\"https:\/\/www.copyr.eu\/igiene-ambientale\/#organization\",\"name\":\"Copyr PCO\",\"url\":\"https:\/\/www.copyr.eu\/igiene-ambientale\/\",\"logo\":{\"@type\":\"ImageObject\",\"inLanguage\":\"it-IT\",\"@id\":\"https:\/\/www.copyr.eu\/igiene-ambientale\/#\/schema\/logo\/image\/\",\"url\":\"https:\/\/www.copyr.eu\/igiene-ambientale\/wp-content\/uploads\/2024\/04\/logo-copyr-igiene-ambientale-definitivo-e1714141259143.png\",\"contentUrl\":\"https:\/\/www.copyr.eu\/igiene-ambientale\/wp-content\/uploads\/2024\/04\/logo-copyr-igiene-ambientale-definitivo-e1714141259143.png\",\"width\":1051,\"height\":277,\"caption\":\"Copyr PCO\"},\"image\":{\"@id\":\"https:\/\/www.copyr.eu\/igiene-ambientale\/#\/schema\/logo\/image\/\"}},{\"@type\":\"Person\",\"@id\":\"https:\/\/www.copyr.eu\/igiene-ambientale\/#\/schema\/person\/55cd530997bfb9a999dcbafdaec489d9\",\"name\":\"Marketing Copyr\",\"url\":\"https:\/\/www.copyr.eu\/igiene-ambientale\/blog\/author\/marketing-copyr\/\"}]}<\/script>\n<!-- \/ Yoast SEO plugin. -->","yoast_head_json":{"title":"Zecche, problema per l'uomo e per gli animali (parte 1) | Approfondimenti","robots":{"index":"index","follow":"follow","max-snippet":"max-snippet:-1","max-image-preview":"max-image-preview:large","max-video-preview":"max-video-preview:-1"},"canonical":"https:\/\/www.copyr.eu\/igiene-ambientale\/blog\/zecche-problema-per-luomo-e-per-gli-animali-parte-1\/","og_locale":"it_IT","og_type":"article","og_title":"Zecche, problema per l'uomo e per gli animali (parte 1) | Approfondimenti","og_description":"Tempo di lettura: 2 minuti In alcuni periodi dell'anno, spesso in corrispondenza della bella stagione, in cui fa pi\u00f9 caldo e le persone escono di pi\u00f9, leggiamo sulla stampa notizie, pi\u00f9 o meno allarmanti, circa la proliferazione di zecche, la moltiplicazione di morsi a individui e, di conseguenza, dei rischi per la salute dell'uomo.","og_url":"https:\/\/www.copyr.eu\/igiene-ambientale\/blog\/zecche-problema-per-luomo-e-per-gli-animali-parte-1\/","og_site_name":"Copyr PCO","article_published_time":"2023-10-22T22:00:00+00:00","article_modified_time":"2024-05-09T14:28:23+00:00","og_image":[{"width":600,"height":400,"url":"https:\/\/www.copyr.eu\/igiene-ambientale\/wp-content\/uploads\/2024\/02\/18_169805061069716_169805151575987.preview.jpg","type":"image\/jpeg"}],"author":"Marketing Copyr","twitter_card":"summary_large_image","twitter_misc":{"Scritto da":"Marketing Copyr","Tempo di lettura stimato":"3 minuti"},"schema":{"@context":"https:\/\/schema.org","@graph":[{"@type":"Article","@id":"https:\/\/www.copyr.eu\/igiene-ambientale\/blog\/zecche-problema-per-luomo-e-per-gli-animali-parte-1\/#article","isPartOf":{"@id":"https:\/\/www.copyr.eu\/igiene-ambientale\/blog\/zecche-problema-per-luomo-e-per-gli-animali-parte-1\/"},"author":{"name":"Marketing Copyr","@id":"https:\/\/www.copyr.eu\/igiene-ambientale\/#\/schema\/person\/55cd530997bfb9a999dcbafdaec489d9"},"headline":"Zecche, problema per l&#8217;uomo e per gli animali (parte 1)","datePublished":"2023-10-22T22:00:00+00:00","dateModified":"2024-05-09T14:28:23+00:00","mainEntityOfPage":{"@id":"https:\/\/www.copyr.eu\/igiene-ambientale\/blog\/zecche-problema-per-luomo-e-per-gli-animali-parte-1\/"},"wordCount":337,"publisher":{"@id":"https:\/\/www.copyr.eu\/igiene-ambientale\/#organization"},"image":{"@id":"https:\/\/www.copyr.eu\/igiene-ambientale\/blog\/zecche-problema-per-luomo-e-per-gli-animali-parte-1\/#primaryimage"},"thumbnailUrl":"https:\/\/www.copyr.eu\/igiene-ambientale\/wp-content\/uploads\/2024\/02\/18_169805061069716_169805151575987.preview.jpg","keywords":["animali","artropodi","borreliosi","cani","gatti","l'encefalite da zecca","la rickettsiosi","malattia di Lyme","punture","zecche"],"articleSection":["Condomini"],"inLanguage":"it-IT"},{"@type":"WebPage","@id":"https:\/\/www.copyr.eu\/igiene-ambientale\/blog\/zecche-problema-per-luomo-e-per-gli-animali-parte-1\/","url":"https:\/\/www.copyr.eu\/igiene-ambientale\/blog\/zecche-problema-per-luomo-e-per-gli-animali-parte-1\/","name":"Zecche, problema per l'uomo e per gli animali (parte 1) | Approfondimenti","isPartOf":{"@id":"https:\/\/www.copyr.eu\/igiene-ambientale\/#website"},"primaryImageOfPage":{"@id":"https:\/\/www.copyr.eu\/igiene-ambientale\/blog\/zecche-problema-per-luomo-e-per-gli-animali-parte-1\/#primaryimage"},"image":{"@id":"https:\/\/www.copyr.eu\/igiene-ambientale\/blog\/zecche-problema-per-luomo-e-per-gli-animali-parte-1\/#primaryimage"},"thumbnailUrl":"https:\/\/www.copyr.eu\/igiene-ambientale\/wp-content\/uploads\/2024\/02\/18_169805061069716_169805151575987.preview.jpg","datePublished":"2023-10-22T22:00:00+00:00","dateModified":"2024-05-09T14:28:23+00:00","breadcrumb":{"@id":"https:\/\/www.copyr.eu\/igiene-ambientale\/blog\/zecche-problema-per-luomo-e-per-gli-animali-parte-1\/#breadcrumb"},"inLanguage":"it-IT","potentialAction":[{"@type":"ReadAction","target":["https:\/\/www.copyr.eu\/igiene-ambientale\/blog\/zecche-problema-per-luomo-e-per-gli-animali-parte-1\/"]}]},{"@type":"ImageObject","inLanguage":"it-IT","@id":"https:\/\/www.copyr.eu\/igiene-ambientale\/blog\/zecche-problema-per-luomo-e-per-gli-animali-parte-1\/#primaryimage","url":"https:\/\/www.copyr.eu\/igiene-ambientale\/wp-content\/uploads\/2024\/02\/18_169805061069716_169805151575987.preview.jpg","contentUrl":"https:\/\/www.copyr.eu\/igiene-ambientale\/wp-content\/uploads\/2024\/02\/18_169805061069716_169805151575987.preview.jpg","width":600,"height":400},{"@type":"BreadcrumbList","@id":"https:\/\/www.copyr.eu\/igiene-ambientale\/blog\/zecche-problema-per-luomo-e-per-gli-animali-parte-1\/#breadcrumb","itemListElement":[{"@type":"ListItem","position":1,"name":"Home","item":"https:\/\/www.copyr.eu\/igiene-ambientale\/"},{"@type":"ListItem","position":2,"name":"Condomini","item":"https:\/\/www.copyr.eu\/igiene-ambientale\/blog\/category\/condomini\/"},{"@type":"ListItem","position":3,"name":"Zecche, problema per l&#8217;uomo e per gli animali (parte 1)"}]},{"@type":"WebSite","@id":"https:\/\/www.copyr.eu\/igiene-ambientale\/#website","url":"https:\/\/www.copyr.eu\/igiene-ambientale\/","name":"Copyr PCO","description":"Portale dedicato alla disinfestazione","publisher":{"@id":"https:\/\/www.copyr.eu\/igiene-ambientale\/#organization"},"potentialAction":[{"@type":"SearchAction","target":{"@type":"EntryPoint","urlTemplate":"https:\/\/www.copyr.eu\/igiene-ambientale\/?s={search_term_string}"},"query-input":{"@type":"PropertyValueSpecification","valueRequired":true,"valueName":"search_term_string"}}],"inLanguage":"it-IT"},{"@type":"Organization","@id":"https:\/\/www.copyr.eu\/igiene-ambientale\/#organization","name":"Copyr PCO","url":"https:\/\/www.copyr.eu\/igiene-ambientale\/","logo":{"@type":"ImageObject","inLanguage":"it-IT","@id":"https:\/\/www.copyr.eu\/igiene-ambientale\/#\/schema\/logo\/image\/","url":"https:\/\/www.copyr.eu\/igiene-ambientale\/wp-content\/uploads\/2024\/04\/logo-copyr-igiene-ambientale-definitivo-e1714141259143.png","contentUrl":"https:\/\/www.copyr.eu\/igiene-ambientale\/wp-content\/uploads\/2024\/04\/logo-copyr-igiene-ambientale-definitivo-e1714141259143.png","width":1051,"height":277,"caption":"Copyr PCO"},"image":{"@id":"https:\/\/www.copyr.eu\/igiene-ambientale\/#\/schema\/logo\/image\/"}},{"@type":"Person","@id":"https:\/\/www.copyr.eu\/igiene-ambientale\/#\/schema\/person\/55cd530997bfb9a999dcbafdaec489d9","name":"Marketing Copyr","url":"https:\/\/www.copyr.eu\/igiene-ambientale\/blog\/author\/marketing-copyr\/"}]}},"_links":{"self":[{"href":"https:\/\/www.copyr.eu\/igiene-ambientale\/wp-json\/wp\/v2\/posts\/2432","targetHints":{"allow":["GET"]}}],"collection":[{"href":"https:\/\/www.copyr.eu\/igiene-ambientale\/wp-json\/wp\/v2\/posts"}],"about":[{"href":"https:\/\/www.copyr.eu\/igiene-ambientale\/wp-json\/wp\/v2\/types\/post"}],"author":[{"embeddable":true,"href":"https:\/\/www.copyr.eu\/igiene-ambientale\/wp-json\/wp\/v2\/users\/7"}],"replies":[{"embeddable":true,"href":"https:\/\/www.copyr.eu\/igiene-ambientale\/wp-json\/wp\/v2\/comments?post=2432"}],"version-history":[{"count":3,"href":"https:\/\/www.copyr.eu\/igiene-ambientale\/wp-json\/wp\/v2\/posts\/2432\/revisions"}],"predecessor-version":[{"id":2919,"href":"https:\/\/www.copyr.eu\/igiene-ambientale\/wp-json\/wp\/v2\/posts\/2432\/revisions\/2919"}],"wp:featuredmedia":[{"embeddable":true,"href":"https:\/\/www.copyr.eu\/igiene-ambientale\/wp-json\/wp\/v2\/media\/2433"}],"wp:attachment":[{"href":"https:\/\/www.copyr.eu\/igiene-ambientale\/wp-json\/wp\/v2\/media?parent=2432"}],"wp:term":[{"taxonomy":"category","embeddable":true,"href":"https:\/\/www.copyr.eu\/igiene-ambientale\/wp-json\/wp\/v2\/categories?post=2432"},{"taxonomy":"post_tag","embeddable":true,"href":"https:\/\/www.copyr.eu\/igiene-ambientale\/wp-json\/wp\/v2\/tags?post=2432"},{"taxonomy":"target","embeddable":true,"href":"https:\/\/www.copyr.eu\/igiene-ambientale\/wp-json\/wp\/v2\/target?post=2432"}],"curies":[{"name":"wp","href":"https:\/\/api.w.org\/{rel}","templated":true}]}}