{"id":2326,"date":"2016-08-26T00:00:00","date_gmt":"2016-08-25T22:00:00","guid":{"rendered":"https:\/\/www.copyr.eu\/igiene-ambientale\/aedes-koreicus-una-nuova-specie-alloctona-giunta-in-italia\/"},"modified":"2024-11-12T10:13:11","modified_gmt":"2024-11-12T09:13:11","slug":"aedes-koreicus-una-nuova-specie-alloctona-giunta-in-italia","status":"publish","type":"post","link":"https:\/\/www.copyr.eu\/igiene-ambientale\/blog\/aedes-koreicus-una-nuova-specie-alloctona-giunta-in-italia\/","title":{"rendered":"A\u00ebdes koreicus: una nuova specie alloctona giunta in Italia"},"content":{"rendered":"<p class=\"abstract\" style=\"text-align: justify;\">I piani di monitoraggio delle zanzare, messi in atto in Italia dopo il ritrovamento della zanzara tigre, hanno permesso, nel maggio 2011, di individuare una nuova specie per l&#8217;Italia: <em>A\u00ebdes koreicus<\/em>, nota con il nome comune di zanzara coreana. <br \/>Questa specie di zanzara, rinvenuta per la prima volta in provincia di Belluno, in Veneto, \u00e8 molto simile alla zanzara tigre: l&#8217;adulto differisce da quest&#8217;ultima solo per la mancanza della linea longitudinale bianca sul dorso. <br \/>Si tratta di una specie proveniente dall&#8217;Asia e si presume sia stata introdotta in Italia tramite il commercio di piante ornamentali. Infatti, l&#8217;indagine estesa ad altri comuni del Bellunese dopo il primo ritrovamento, ha evidenziato come la specie si trovi comunemente nei vivai e nei cimiteri. Bench&eacute; simile alla zanzara tigre, la nuova arrivata \u00e8 meno aggressiva, ha anch&#8217;essa abitudini diurne, frequenta le aree urbane, utilizza piccoli ristagni d&#8217;acqua per riprodursi e tollera meglio il freddo. <br \/>Negli anni precedenti al ritrovamento in Italia era noto un focolaio in Belgio segnalato nel 2008. <br \/>Nel 2013 la specie \u00e8 stata rinvenuta anche nella Russia europea e nello stesso anno diversi monitoraggi nelle aree di Chiasso (Canton Ticino &ndash; Svizzera), di Como e Brunate (Lombardia) hanno permesso di rinvenire nelle trappole uova di <em>A\u00ebdes koreicus<\/em>. <br \/>La femmina si nutre di sangue a spese dell&#8217;uomo e degli animali domestici, sembra in grado di trasmettere malattie come l&#8217;encefalite giapponese e la filariosi del cane. <br \/>Sverna allo stadio di uovo molto resistente al freddo: pertanto, anche se allo stato attuale le segnalazioni riguardano Veneto e alta Lombardia, si ritiene che la specie abbia buone probabilit\u00e0 di insediarsi in aree a clima temperato. <br \/>Da un punto di vista operativo \u00e8 rilevante segnalare che le azioni di prevenzione e controllo gi\u00e0 consolidate da anni e applicate nei confronti di <em>A\u00ebdes albopictus<\/em> (zanzara tigre) risultano efficaci anche nei confronti di <em>A\u00ebdes koreicus<\/em>. <br \/> Si sottolinea comunque l&#8217;importanza di segnalare agli organismi di studio interessati ogni rilevazione di individui della nuova specie. In tal modo ogni professionista della disinfestazione, collaborando a monitorare la presenza di A\u00ebdes koreicus sul territorio, diventa uno strumento primario per la comprensione del fenomeno e la programmazione di interventi strategici per il suo contenimento.<\/p>\n","protected":false},"excerpt":{"rendered":"<p><span class=\"rt-reading-time\" style=\"display: block;\"><span class=\"rt-label rt-prefix\">Tempo di lettura: <\/span> <span class=\"rt-time\">2<\/span> <span class=\"rt-label rt-postfix\">minuti<\/span><\/span> <\/p>\n<p class=\"abstract\" style=\"text-align: justify;\">I piani di monitoraggio delle zanzare, messi in atto in Italia dopo il ritrovamento della zanzara tigre, hanno permesso, nel maggio 2011, di individuare una nuova specie per l&#8217;Italia: <em>A\u00ebdes koreicus<\/em>, nota con il nome comune di zanzara coreana.<\/p>\n","protected":false},"author":7,"featured_media":3925,"comment_status":"closed","ping_status":"closed","sticky":false,"template":"","format":"standard","meta":{"inline_featured_image":false,"_genesis_hide_title":false,"_genesis_hide_breadcrumbs":false,"_genesis_hide_singular_image":false,"_genesis_hide_footer_widgets":false,"_genesis_custom_body_class":"","_genesis_custom_post_class":"","_genesis_layout":"","footnotes":""},"categories":[602],"tags":[366,418,798,428,420,364,426,350,374,800,430,362,360],"target":[2709],"class_list":{"0":"post-2326","1":"post","2":"type-post","3":"status-publish","4":"format-standard","5":"has-post-thumbnail","7":"category-condomini","8":"tag-aedes-albopictus","9":"tag-aedes-koreicus","10":"tag-aree-urbane","11":"tag-aree-verdi","12":"tag-controllo","13":"tag-culex-pipiens","14":"tag-disinfestazione","15":"tag-ditteri","16":"tag-prevenzione","17":"tag-ristagni-dacqua","18":"tag-zanzara-coreana","19":"tag-zanzara-tigre","20":"tag-zanzare","21":"target-pco","22":"entry"},"acf":[],"yoast_head":"<!-- This site is optimized with the Yoast SEO plugin v23.4 - https:\/\/yoast.com\/wordpress\/plugins\/seo\/ -->\n<title>A\u00ebdes koreicus: una nuova specie alloctona giunta in Italia | Approfondimenti<\/title>\n<meta name=\"robots\" content=\"index, follow, max-snippet:-1, max-image-preview:large, max-video-preview:-1\" \/>\n<link rel=\"canonical\" href=\"https:\/\/www.copyr.eu\/igiene-ambientale\/blog\/aedes-koreicus-una-nuova-specie-alloctona-giunta-in-italia\/\" \/>\n<meta property=\"og:locale\" content=\"it_IT\" \/>\n<meta property=\"og:type\" content=\"article\" \/>\n<meta property=\"og:title\" content=\"A\u00ebdes koreicus: una nuova specie alloctona giunta in Italia | Approfondimenti\" \/>\n<meta property=\"og:description\" content=\"Tempo di lettura: 2 minuti I piani di monitoraggio delle zanzare, messi in atto in Italia dopo il ritrovamento della zanzara tigre, hanno permesso, nel maggio 2011, di individuare una nuova specie per l&#039;Italia: A\u00ebdes koreicus, nota con il nome comune di zanzara coreana.\" \/>\n<meta property=\"og:url\" content=\"https:\/\/www.copyr.eu\/igiene-ambientale\/blog\/aedes-koreicus-una-nuova-specie-alloctona-giunta-in-italia\/\" \/>\n<meta property=\"og:site_name\" content=\"Copyr PCO\" \/>\n<meta property=\"article:published_time\" content=\"2016-08-25T22:00:00+00:00\" \/>\n<meta property=\"article:modified_time\" content=\"2024-11-12T09:13:11+00:00\" \/>\n<meta property=\"og:image\" content=\"https:\/\/www.copyr.eu\/igiene-ambientale\/wp-content\/uploads\/2016\/08\/shutterstock_14416649511.jpg\" \/>\n\t<meta property=\"og:image:width\" content=\"1000\" \/>\n\t<meta property=\"og:image:height\" content=\"662\" \/>\n\t<meta property=\"og:image:type\" content=\"image\/jpeg\" \/>\n<meta name=\"author\" content=\"Marketing Copyr\" \/>\n<meta name=\"twitter:card\" content=\"summary_large_image\" \/>\n<meta name=\"twitter:label1\" content=\"Scritto da\" \/>\n\t<meta name=\"twitter:data1\" content=\"Marketing Copyr\" \/>\n\t<meta name=\"twitter:label2\" content=\"Tempo di lettura stimato\" \/>\n\t<meta name=\"twitter:data2\" content=\"3 minuti\" \/>\n<script type=\"application\/ld+json\" class=\"yoast-schema-graph\">{\"@context\":\"https:\/\/schema.org\",\"@graph\":[{\"@type\":\"Article\",\"@id\":\"https:\/\/www.copyr.eu\/igiene-ambientale\/blog\/aedes-koreicus-una-nuova-specie-alloctona-giunta-in-italia\/#article\",\"isPartOf\":{\"@id\":\"https:\/\/www.copyr.eu\/igiene-ambientale\/blog\/aedes-koreicus-una-nuova-specie-alloctona-giunta-in-italia\/\"},\"author\":{\"name\":\"Marketing Copyr\",\"@id\":\"https:\/\/www.copyr.eu\/igiene-ambientale\/#\/schema\/person\/55cd530997bfb9a999dcbafdaec489d9\"},\"headline\":\"A\u00ebdes koreicus: una nuova specie alloctona giunta in Italia\",\"datePublished\":\"2016-08-25T22:00:00+00:00\",\"dateModified\":\"2024-11-12T09:13:11+00:00\",\"mainEntityOfPage\":{\"@id\":\"https:\/\/www.copyr.eu\/igiene-ambientale\/blog\/aedes-koreicus-una-nuova-specie-alloctona-giunta-in-italia\/\"},\"wordCount\":380,\"publisher\":{\"@id\":\"https:\/\/www.copyr.eu\/igiene-ambientale\/#organization\"},\"image\":{\"@id\":\"https:\/\/www.copyr.eu\/igiene-ambientale\/blog\/aedes-koreicus-una-nuova-specie-alloctona-giunta-in-italia\/#primaryimage\"},\"thumbnailUrl\":\"https:\/\/www.copyr.eu\/igiene-ambientale\/wp-content\/uploads\/2016\/08\/shutterstock_14416649511.jpg\",\"keywords\":[\"Aedes Albopictus\",\"A\u00ebdes koreicus\",\"aree urbane\",\"aree verdi\",\"controllo\",\"Culex Pipiens\",\"disinfestazione\",\"ditteri\",\"prevenzione\",\"ristagni d'acqua\",\"zanzara coreana\",\"zanzara tigre\",\"zanzare\"],\"articleSection\":[\"Condomini\"],\"inLanguage\":\"it-IT\"},{\"@type\":\"WebPage\",\"@id\":\"https:\/\/www.copyr.eu\/igiene-ambientale\/blog\/aedes-koreicus-una-nuova-specie-alloctona-giunta-in-italia\/\",\"url\":\"https:\/\/www.copyr.eu\/igiene-ambientale\/blog\/aedes-koreicus-una-nuova-specie-alloctona-giunta-in-italia\/\",\"name\":\"A\u00ebdes koreicus: una nuova specie alloctona giunta in Italia | Approfondimenti\",\"isPartOf\":{\"@id\":\"https:\/\/www.copyr.eu\/igiene-ambientale\/#website\"},\"primaryImageOfPage\":{\"@id\":\"https:\/\/www.copyr.eu\/igiene-ambientale\/blog\/aedes-koreicus-una-nuova-specie-alloctona-giunta-in-italia\/#primaryimage\"},\"image\":{\"@id\":\"https:\/\/www.copyr.eu\/igiene-ambientale\/blog\/aedes-koreicus-una-nuova-specie-alloctona-giunta-in-italia\/#primaryimage\"},\"thumbnailUrl\":\"https:\/\/www.copyr.eu\/igiene-ambientale\/wp-content\/uploads\/2016\/08\/shutterstock_14416649511.jpg\",\"datePublished\":\"2016-08-25T22:00:00+00:00\",\"dateModified\":\"2024-11-12T09:13:11+00:00\",\"breadcrumb\":{\"@id\":\"https:\/\/www.copyr.eu\/igiene-ambientale\/blog\/aedes-koreicus-una-nuova-specie-alloctona-giunta-in-italia\/#breadcrumb\"},\"inLanguage\":\"it-IT\",\"potentialAction\":[{\"@type\":\"ReadAction\",\"target\":[\"https:\/\/www.copyr.eu\/igiene-ambientale\/blog\/aedes-koreicus-una-nuova-specie-alloctona-giunta-in-italia\/\"]}]},{\"@type\":\"ImageObject\",\"inLanguage\":\"it-IT\",\"@id\":\"https:\/\/www.copyr.eu\/igiene-ambientale\/blog\/aedes-koreicus-una-nuova-specie-alloctona-giunta-in-italia\/#primaryimage\",\"url\":\"https:\/\/www.copyr.eu\/igiene-ambientale\/wp-content\/uploads\/2016\/08\/shutterstock_14416649511.jpg\",\"contentUrl\":\"https:\/\/www.copyr.eu\/igiene-ambientale\/wp-content\/uploads\/2016\/08\/shutterstock_14416649511.jpg\",\"width\":1000,\"height\":662,\"caption\":\"A\u00ebdes koreicus\"},{\"@type\":\"BreadcrumbList\",\"@id\":\"https:\/\/www.copyr.eu\/igiene-ambientale\/blog\/aedes-koreicus-una-nuova-specie-alloctona-giunta-in-italia\/#breadcrumb\",\"itemListElement\":[{\"@type\":\"ListItem\",\"position\":1,\"name\":\"Home\",\"item\":\"https:\/\/www.copyr.eu\/igiene-ambientale\/\"},{\"@type\":\"ListItem\",\"position\":2,\"name\":\"Condomini\",\"item\":\"https:\/\/www.copyr.eu\/igiene-ambientale\/blog\/category\/condomini\/\"},{\"@type\":\"ListItem\",\"position\":3,\"name\":\"A\u00ebdes koreicus: una nuova specie alloctona giunta in Italia\"}]},{\"@type\":\"WebSite\",\"@id\":\"https:\/\/www.copyr.eu\/igiene-ambientale\/#website\",\"url\":\"https:\/\/www.copyr.eu\/igiene-ambientale\/\",\"name\":\"Copyr PCO\",\"description\":\"Portale dedicato alla disinfestazione\",\"publisher\":{\"@id\":\"https:\/\/www.copyr.eu\/igiene-ambientale\/#organization\"},\"potentialAction\":[{\"@type\":\"SearchAction\",\"target\":{\"@type\":\"EntryPoint\",\"urlTemplate\":\"https:\/\/www.copyr.eu\/igiene-ambientale\/?s={search_term_string}\"},\"query-input\":{\"@type\":\"PropertyValueSpecification\",\"valueRequired\":true,\"valueName\":\"search_term_string\"}}],\"inLanguage\":\"it-IT\"},{\"@type\":\"Organization\",\"@id\":\"https:\/\/www.copyr.eu\/igiene-ambientale\/#organization\",\"name\":\"Copyr PCO\",\"url\":\"https:\/\/www.copyr.eu\/igiene-ambientale\/\",\"logo\":{\"@type\":\"ImageObject\",\"inLanguage\":\"it-IT\",\"@id\":\"https:\/\/www.copyr.eu\/igiene-ambientale\/#\/schema\/logo\/image\/\",\"url\":\"https:\/\/www.copyr.eu\/igiene-ambientale\/wp-content\/uploads\/2024\/04\/logo-copyr-igiene-ambientale-definitivo-e1714141259143.png\",\"contentUrl\":\"https:\/\/www.copyr.eu\/igiene-ambientale\/wp-content\/uploads\/2024\/04\/logo-copyr-igiene-ambientale-definitivo-e1714141259143.png\",\"width\":1051,\"height\":277,\"caption\":\"Copyr PCO\"},\"image\":{\"@id\":\"https:\/\/www.copyr.eu\/igiene-ambientale\/#\/schema\/logo\/image\/\"}},{\"@type\":\"Person\",\"@id\":\"https:\/\/www.copyr.eu\/igiene-ambientale\/#\/schema\/person\/55cd530997bfb9a999dcbafdaec489d9\",\"name\":\"Marketing Copyr\",\"url\":\"https:\/\/www.copyr.eu\/igiene-ambientale\/blog\/author\/marketing-copyr\/\"}]}<\/script>\n<!-- \/ Yoast SEO plugin. -->","yoast_head_json":{"title":"A\u00ebdes koreicus: una nuova specie alloctona giunta in Italia | Approfondimenti","robots":{"index":"index","follow":"follow","max-snippet":"max-snippet:-1","max-image-preview":"max-image-preview:large","max-video-preview":"max-video-preview:-1"},"canonical":"https:\/\/www.copyr.eu\/igiene-ambientale\/blog\/aedes-koreicus-una-nuova-specie-alloctona-giunta-in-italia\/","og_locale":"it_IT","og_type":"article","og_title":"A\u00ebdes koreicus: una nuova specie alloctona giunta in Italia | Approfondimenti","og_description":"Tempo di lettura: 2 minuti I piani di monitoraggio delle zanzare, messi in atto in Italia dopo il ritrovamento della zanzara tigre, hanno permesso, nel maggio 2011, di individuare una nuova specie per l'Italia: A\u00ebdes koreicus, nota con il nome comune di zanzara coreana.","og_url":"https:\/\/www.copyr.eu\/igiene-ambientale\/blog\/aedes-koreicus-una-nuova-specie-alloctona-giunta-in-italia\/","og_site_name":"Copyr PCO","article_published_time":"2016-08-25T22:00:00+00:00","article_modified_time":"2024-11-12T09:13:11+00:00","og_image":[{"width":1000,"height":662,"url":"https:\/\/www.copyr.eu\/igiene-ambientale\/wp-content\/uploads\/2016\/08\/shutterstock_14416649511.jpg","type":"image\/jpeg"}],"author":"Marketing Copyr","twitter_card":"summary_large_image","twitter_misc":{"Scritto da":"Marketing Copyr","Tempo di lettura stimato":"3 minuti"},"schema":{"@context":"https:\/\/schema.org","@graph":[{"@type":"Article","@id":"https:\/\/www.copyr.eu\/igiene-ambientale\/blog\/aedes-koreicus-una-nuova-specie-alloctona-giunta-in-italia\/#article","isPartOf":{"@id":"https:\/\/www.copyr.eu\/igiene-ambientale\/blog\/aedes-koreicus-una-nuova-specie-alloctona-giunta-in-italia\/"},"author":{"name":"Marketing Copyr","@id":"https:\/\/www.copyr.eu\/igiene-ambientale\/#\/schema\/person\/55cd530997bfb9a999dcbafdaec489d9"},"headline":"A\u00ebdes koreicus: una nuova specie alloctona giunta in Italia","datePublished":"2016-08-25T22:00:00+00:00","dateModified":"2024-11-12T09:13:11+00:00","mainEntityOfPage":{"@id":"https:\/\/www.copyr.eu\/igiene-ambientale\/blog\/aedes-koreicus-una-nuova-specie-alloctona-giunta-in-italia\/"},"wordCount":380,"publisher":{"@id":"https:\/\/www.copyr.eu\/igiene-ambientale\/#organization"},"image":{"@id":"https:\/\/www.copyr.eu\/igiene-ambientale\/blog\/aedes-koreicus-una-nuova-specie-alloctona-giunta-in-italia\/#primaryimage"},"thumbnailUrl":"https:\/\/www.copyr.eu\/igiene-ambientale\/wp-content\/uploads\/2016\/08\/shutterstock_14416649511.jpg","keywords":["Aedes Albopictus","A\u00ebdes koreicus","aree urbane","aree verdi","controllo","Culex Pipiens","disinfestazione","ditteri","prevenzione","ristagni d'acqua","zanzara coreana","zanzara tigre","zanzare"],"articleSection":["Condomini"],"inLanguage":"it-IT"},{"@type":"WebPage","@id":"https:\/\/www.copyr.eu\/igiene-ambientale\/blog\/aedes-koreicus-una-nuova-specie-alloctona-giunta-in-italia\/","url":"https:\/\/www.copyr.eu\/igiene-ambientale\/blog\/aedes-koreicus-una-nuova-specie-alloctona-giunta-in-italia\/","name":"A\u00ebdes koreicus: una nuova specie alloctona giunta in Italia | Approfondimenti","isPartOf":{"@id":"https:\/\/www.copyr.eu\/igiene-ambientale\/#website"},"primaryImageOfPage":{"@id":"https:\/\/www.copyr.eu\/igiene-ambientale\/blog\/aedes-koreicus-una-nuova-specie-alloctona-giunta-in-italia\/#primaryimage"},"image":{"@id":"https:\/\/www.copyr.eu\/igiene-ambientale\/blog\/aedes-koreicus-una-nuova-specie-alloctona-giunta-in-italia\/#primaryimage"},"thumbnailUrl":"https:\/\/www.copyr.eu\/igiene-ambientale\/wp-content\/uploads\/2016\/08\/shutterstock_14416649511.jpg","datePublished":"2016-08-25T22:00:00+00:00","dateModified":"2024-11-12T09:13:11+00:00","breadcrumb":{"@id":"https:\/\/www.copyr.eu\/igiene-ambientale\/blog\/aedes-koreicus-una-nuova-specie-alloctona-giunta-in-italia\/#breadcrumb"},"inLanguage":"it-IT","potentialAction":[{"@type":"ReadAction","target":["https:\/\/www.copyr.eu\/igiene-ambientale\/blog\/aedes-koreicus-una-nuova-specie-alloctona-giunta-in-italia\/"]}]},{"@type":"ImageObject","inLanguage":"it-IT","@id":"https:\/\/www.copyr.eu\/igiene-ambientale\/blog\/aedes-koreicus-una-nuova-specie-alloctona-giunta-in-italia\/#primaryimage","url":"https:\/\/www.copyr.eu\/igiene-ambientale\/wp-content\/uploads\/2016\/08\/shutterstock_14416649511.jpg","contentUrl":"https:\/\/www.copyr.eu\/igiene-ambientale\/wp-content\/uploads\/2016\/08\/shutterstock_14416649511.jpg","width":1000,"height":662,"caption":"A\u00ebdes koreicus"},{"@type":"BreadcrumbList","@id":"https:\/\/www.copyr.eu\/igiene-ambientale\/blog\/aedes-koreicus-una-nuova-specie-alloctona-giunta-in-italia\/#breadcrumb","itemListElement":[{"@type":"ListItem","position":1,"name":"Home","item":"https:\/\/www.copyr.eu\/igiene-ambientale\/"},{"@type":"ListItem","position":2,"name":"Condomini","item":"https:\/\/www.copyr.eu\/igiene-ambientale\/blog\/category\/condomini\/"},{"@type":"ListItem","position":3,"name":"A\u00ebdes koreicus: una nuova specie alloctona giunta in Italia"}]},{"@type":"WebSite","@id":"https:\/\/www.copyr.eu\/igiene-ambientale\/#website","url":"https:\/\/www.copyr.eu\/igiene-ambientale\/","name":"Copyr PCO","description":"Portale dedicato alla disinfestazione","publisher":{"@id":"https:\/\/www.copyr.eu\/igiene-ambientale\/#organization"},"potentialAction":[{"@type":"SearchAction","target":{"@type":"EntryPoint","urlTemplate":"https:\/\/www.copyr.eu\/igiene-ambientale\/?s={search_term_string}"},"query-input":{"@type":"PropertyValueSpecification","valueRequired":true,"valueName":"search_term_string"}}],"inLanguage":"it-IT"},{"@type":"Organization","@id":"https:\/\/www.copyr.eu\/igiene-ambientale\/#organization","name":"Copyr PCO","url":"https:\/\/www.copyr.eu\/igiene-ambientale\/","logo":{"@type":"ImageObject","inLanguage":"it-IT","@id":"https:\/\/www.copyr.eu\/igiene-ambientale\/#\/schema\/logo\/image\/","url":"https:\/\/www.copyr.eu\/igiene-ambientale\/wp-content\/uploads\/2024\/04\/logo-copyr-igiene-ambientale-definitivo-e1714141259143.png","contentUrl":"https:\/\/www.copyr.eu\/igiene-ambientale\/wp-content\/uploads\/2024\/04\/logo-copyr-igiene-ambientale-definitivo-e1714141259143.png","width":1051,"height":277,"caption":"Copyr PCO"},"image":{"@id":"https:\/\/www.copyr.eu\/igiene-ambientale\/#\/schema\/logo\/image\/"}},{"@type":"Person","@id":"https:\/\/www.copyr.eu\/igiene-ambientale\/#\/schema\/person\/55cd530997bfb9a999dcbafdaec489d9","name":"Marketing Copyr","url":"https:\/\/www.copyr.eu\/igiene-ambientale\/blog\/author\/marketing-copyr\/"}]}},"_links":{"self":[{"href":"https:\/\/www.copyr.eu\/igiene-ambientale\/wp-json\/wp\/v2\/posts\/2326","targetHints":{"allow":["GET"]}}],"collection":[{"href":"https:\/\/www.copyr.eu\/igiene-ambientale\/wp-json\/wp\/v2\/posts"}],"about":[{"href":"https:\/\/www.copyr.eu\/igiene-ambientale\/wp-json\/wp\/v2\/types\/post"}],"author":[{"embeddable":true,"href":"https:\/\/www.copyr.eu\/igiene-ambientale\/wp-json\/wp\/v2\/users\/7"}],"replies":[{"embeddable":true,"href":"https:\/\/www.copyr.eu\/igiene-ambientale\/wp-json\/wp\/v2\/comments?post=2326"}],"version-history":[{"count":1,"href":"https:\/\/www.copyr.eu\/igiene-ambientale\/wp-json\/wp\/v2\/posts\/2326\/revisions"}],"predecessor-version":[{"id":2855,"href":"https:\/\/www.copyr.eu\/igiene-ambientale\/wp-json\/wp\/v2\/posts\/2326\/revisions\/2855"}],"wp:featuredmedia":[{"embeddable":true,"href":"https:\/\/www.copyr.eu\/igiene-ambientale\/wp-json\/wp\/v2\/media\/3925"}],"wp:attachment":[{"href":"https:\/\/www.copyr.eu\/igiene-ambientale\/wp-json\/wp\/v2\/media?parent=2326"}],"wp:term":[{"taxonomy":"category","embeddable":true,"href":"https:\/\/www.copyr.eu\/igiene-ambientale\/wp-json\/wp\/v2\/categories?post=2326"},{"taxonomy":"post_tag","embeddable":true,"href":"https:\/\/www.copyr.eu\/igiene-ambientale\/wp-json\/wp\/v2\/tags?post=2326"},{"taxonomy":"target","embeddable":true,"href":"https:\/\/www.copyr.eu\/igiene-ambientale\/wp-json\/wp\/v2\/target?post=2326"}],"curies":[{"name":"wp","href":"https:\/\/api.w.org\/{rel}","templated":true}]}}